{"id":12203,"date":"2025-02-14T17:50:54","date_gmt":"2025-02-14T16:50:54","guid":{"rendered":"https:\/\/wgphoto.pl\/t\/?p=12203"},"modified":"2025-02-14T17:50:54","modified_gmt":"2025-02-14T16:50:54","slug":"jedyna-petla","status":"publish","type":"post","link":"https:\/\/wgphoto.pl\/t\/?p=12203","title":{"rendered":"Jedyna p\u0119tla"},"content":{"rendered":"\n<figure class=\"wp-block-image aligncenter size-full\"><img loading=\"lazy\" decoding=\"async\" width=\"1200\" height=\"803\" src=\"https:\/\/wgphoto.pl\/t\/wp-content\/uploads\/2025\/02\/imgp3379.jpg\" alt=\"\" class=\"wp-image-12204\" srcset=\"https:\/\/wgphoto.pl\/t\/wp-content\/uploads\/2025\/02\/imgp3379.jpg 1200w, https:\/\/wgphoto.pl\/t\/wp-content\/uploads\/2025\/02\/imgp3379-300x201.jpg 300w, https:\/\/wgphoto.pl\/t\/wp-content\/uploads\/2025\/02\/imgp3379-768x514.jpg 768w\" sizes=\"auto, (max-width: 1200px) 100vw, 1200px\" \/><\/figure>\n\n\n\n<div class=\"wp-block-group has-global-padding is-layout-constrained wp-block-group-is-layout-constrained\">\n<p>Gandawa, Flanders Expo. MGT6-2 6304 w czasie postoju na jedynym tramwajowym kra\u0144cu w Gandawie wyposa\u017conym w p\u0119tl\u0119. Dociera tu linia 1, podzielona w\u00f3wczas z powodu przebudowy rynku na dwie cz\u0119\u015bci. Warto odnotowa\u0107 ciekaw\u0105 organizacj\u0119 tymczasowej trasy linii w centrum miasta. Ot\u00f3\u017c &#8211; w odr\u00f3\u017cnieniu od pozosta\u0142ych trzech tymczasowych kra\u0144c\u00f3w w okolicach rynku (jednego dla p\u00f3\u0142nocnego fragmentu trasy 1 oraz dw\u00f3ch dla linii 4) &#8211; na przystanku Justitiepaleis tramwaje nie zawraca\u0142y na &#8222;przelotce&#8221; lecz zmienia\u0142y kierunek za pomoc\u0105 p\u0119tli ulicznej: Sint-Pietersstation &#8211; trasa linii 21\/22 &#8211; Justitiepaleis &#8211; trasa linii 1 &#8211; Sint-Pietersstation. Spory fragment trasy jedynki by\u0142 zatem obs\u0142ugiwany jednokierunkowo, a &#8211; co najciekawsze &#8211; tramwaje tej linii fragment p\u0119tli po trasie 21\/22 (7 przystank\u00f3w) pokonywa\u0142y bez postoj\u00f3w. 2010-05-16<\/p>\n<\/div>\n","protected":false},"excerpt":{"rendered":"<p>Gandawa, Flanders Expo. MGT6-2 6304 w czasie postoju na jedynym tramwajowym kra\u0144cu w Gandawie wyposa\u017conym w p\u0119tl\u0119. Dociera tu linia 1, podzielona w\u00f3wczas z powodu przebudowy rynku na dwie cz\u0119\u015bci. Warto odnotowa\u0107 ciekaw\u0105 organizacj\u0119 tymczasowej trasy linii w centrum miasta. Ot\u00f3\u017c &#8211; w odr\u00f3\u017cnieniu od pozosta\u0142ych trzech tymczasowych kra\u0144c\u00f3w w okolicach rynku (jednego dla p\u00f3\u0142nocnego [&hellip;]<\/p>\n","protected":false},"author":1,"featured_media":12204,"comment_status":"open","ping_status":"","sticky":false,"template":"","format":"standard","meta":{"footnotes":""},"categories":[86,3],"tags":[815,695,1415,1218,853],"class_list":["post-12203","post","type-post","status-publish","format-standard","has-post-thumbnail","hentry","category-rok-2010","category-tramwaj","tag-2010-05-16","tag-belgia","tag-de-lijn","tag-gandawa","tag-sachsen-tram"],"_links":{"self":[{"href":"https:\/\/wgphoto.pl\/t\/index.php?rest_route=\/wp\/v2\/posts\/12203","targetHints":{"allow":["GET"]}}],"collection":[{"href":"https:\/\/wgphoto.pl\/t\/index.php?rest_route=\/wp\/v2\/posts"}],"about":[{"href":"https:\/\/wgphoto.pl\/t\/index.php?rest_route=\/wp\/v2\/types\/post"}],"author":[{"embeddable":true,"href":"https:\/\/wgphoto.pl\/t\/index.php?rest_route=\/wp\/v2\/users\/1"}],"replies":[{"embeddable":true,"href":"https:\/\/wgphoto.pl\/t\/index.php?rest_route=%2Fwp%2Fv2%2Fcomments&post=12203"}],"version-history":[{"count":1,"href":"https:\/\/wgphoto.pl\/t\/index.php?rest_route=\/wp\/v2\/posts\/12203\/revisions"}],"predecessor-version":[{"id":12205,"href":"https:\/\/wgphoto.pl\/t\/index.php?rest_route=\/wp\/v2\/posts\/12203\/revisions\/12205"}],"wp:featuredmedia":[{"embeddable":true,"href":"https:\/\/wgphoto.pl\/t\/index.php?rest_route=\/wp\/v2\/media\/12204"}],"wp:attachment":[{"href":"https:\/\/wgphoto.pl\/t\/index.php?rest_route=%2Fwp%2Fv2%2Fmedia&parent=12203"}],"wp:term":[{"taxonomy":"category","embeddable":true,"href":"https:\/\/wgphoto.pl\/t\/index.php?rest_route=%2Fwp%2Fv2%2Fcategories&post=12203"},{"taxonomy":"post_tag","embeddable":true,"href":"https:\/\/wgphoto.pl\/t\/index.php?rest_route=%2Fwp%2Fv2%2Ftags&post=12203"}],"curies":[{"name":"wp","href":"https:\/\/api.w.org\/{rel}","templated":true}]}}