{"id":12206,"date":"2025-02-14T17:53:44","date_gmt":"2025-02-14T16:53:44","guid":{"rendered":"https:\/\/wgphoto.pl\/t\/?p=12206"},"modified":"2025-02-14T17:53:44","modified_gmt":"2025-02-14T16:53:44","slug":"tramwaj-pod-autostrada-i","status":"publish","type":"post","link":"https:\/\/wgphoto.pl\/t\/?p=12206","title":{"rendered":"Tramwaj pod autostrad\u0105 I"},"content":{"rendered":"\n<figure class=\"wp-block-image aligncenter size-full\"><img loading=\"lazy\" decoding=\"async\" width=\"900\" height=\"600\" src=\"https:\/\/wgphoto.pl\/t\/wp-content\/uploads\/2025\/02\/imgp3498.jpg\" alt=\"\" class=\"wp-image-12207\" srcset=\"https:\/\/wgphoto.pl\/t\/wp-content\/uploads\/2025\/02\/imgp3498.jpg 900w, https:\/\/wgphoto.pl\/t\/wp-content\/uploads\/2025\/02\/imgp3498-300x200.jpg 300w, https:\/\/wgphoto.pl\/t\/wp-content\/uploads\/2025\/02\/imgp3498-768x512.jpg 768w\" sizes=\"auto, (max-width: 900px) 100vw, 900px\" \/><\/figure>\n\n\n\n<div class=\"wp-block-group has-global-padding is-layout-constrained wp-block-group-is-layout-constrained\">\n<p>Ko\u0144cowy odcinek linii 22 przebiega pod estakad\u0105 autostrady E17, z dala od generator\u00f3w potok\u00f3w pasa\u017cerskich. Najwi\u0119kszym chyba z nich jest zlokalizowana pod t\u0105 sam\u0105 estakad\u0105 zajezdnia autobusowa. Organizacyjn\u0105 ciekawostk\u0119 stanowi fakt, \u017ce tramwaj jad\u0105cy do wschodniego kra\u0144ca trasy ma na tablicach kierunkowych nazw\u0119 drugiego od ko\u0144ca przystanku (Dienstencentrum Gentbrugge), poniewa\u017c to w\u0142a\u015bnie tam &#8211; pod bram\u0105 zajezdni autobusowej &#8211; odbywa przerw\u0119, zapewne celem umo\u017cliwienia motorniczym skorzystania ze znajduj\u0105cego si\u0119 tam\u017ce punktu socjalnego. Po zako\u0144czeniu przerwy tramwaj udaje si\u0119 dalej, do przystanku Boswachterstraat, sk\u0105d po kr\u00f3tkim postoju udaje si\u0119 w drog\u0119 powrotn\u0105. 16.05.2010<\/p>\n<\/div>\n","protected":false},"excerpt":{"rendered":"<p>Ko\u0144cowy odcinek linii 22 przebiega pod estakad\u0105 autostrady E17, z dala od generator\u00f3w potok\u00f3w pasa\u017cerskich. Najwi\u0119kszym chyba z nich jest zlokalizowana pod t\u0105 sam\u0105 estakad\u0105 zajezdnia autobusowa. Organizacyjn\u0105 ciekawostk\u0119 stanowi fakt, \u017ce tramwaj jad\u0105cy do wschodniego kra\u0144ca trasy ma na tablicach kierunkowych nazw\u0119 drugiego od ko\u0144ca przystanku (Dienstencentrum Gentbrugge), poniewa\u017c to w\u0142a\u015bnie tam &#8211; pod [&hellip;]<\/p>\n","protected":false},"author":1,"featured_media":12207,"comment_status":"open","ping_status":"","sticky":false,"template":"","format":"standard","meta":{"footnotes":""},"categories":[86,3],"tags":[815,695,1415,1218,173,853],"class_list":["post-12206","post","type-post","status-publish","format-standard","has-post-thumbnail","hentry","category-rok-2010","category-tramwaj","tag-2010-05-16","tag-belgia","tag-de-lijn","tag-gandawa","tag-koncowki","tag-sachsen-tram"],"_links":{"self":[{"href":"https:\/\/wgphoto.pl\/t\/index.php?rest_route=\/wp\/v2\/posts\/12206","targetHints":{"allow":["GET"]}}],"collection":[{"href":"https:\/\/wgphoto.pl\/t\/index.php?rest_route=\/wp\/v2\/posts"}],"about":[{"href":"https:\/\/wgphoto.pl\/t\/index.php?rest_route=\/wp\/v2\/types\/post"}],"author":[{"embeddable":true,"href":"https:\/\/wgphoto.pl\/t\/index.php?rest_route=\/wp\/v2\/users\/1"}],"replies":[{"embeddable":true,"href":"https:\/\/wgphoto.pl\/t\/index.php?rest_route=%2Fwp%2Fv2%2Fcomments&post=12206"}],"version-history":[{"count":1,"href":"https:\/\/wgphoto.pl\/t\/index.php?rest_route=\/wp\/v2\/posts\/12206\/revisions"}],"predecessor-version":[{"id":12208,"href":"https:\/\/wgphoto.pl\/t\/index.php?rest_route=\/wp\/v2\/posts\/12206\/revisions\/12208"}],"wp:featuredmedia":[{"embeddable":true,"href":"https:\/\/wgphoto.pl\/t\/index.php?rest_route=\/wp\/v2\/media\/12207"}],"wp:attachment":[{"href":"https:\/\/wgphoto.pl\/t\/index.php?rest_route=%2Fwp%2Fv2%2Fmedia&parent=12206"}],"wp:term":[{"taxonomy":"category","embeddable":true,"href":"https:\/\/wgphoto.pl\/t\/index.php?rest_route=%2Fwp%2Fv2%2Fcategories&post=12206"},{"taxonomy":"post_tag","embeddable":true,"href":"https:\/\/wgphoto.pl\/t\/index.php?rest_route=%2Fwp%2Fv2%2Ftags&post=12206"}],"curies":[{"name":"wp","href":"https:\/\/api.w.org\/{rel}","templated":true}]}}