{"id":12221,"date":"2025-02-14T17:58:39","date_gmt":"2025-02-14T16:58:39","guid":{"rendered":"https:\/\/wgphoto.pl\/t\/?p=12221"},"modified":"2025-02-14T17:58:39","modified_gmt":"2025-02-14T16:58:39","slug":"nawierzchnia-zniechecajaca-do-jezdzenia","status":"publish","type":"post","link":"https:\/\/wgphoto.pl\/t\/?p=12221","title":{"rendered":"Nawierzchnia zniech\u0119caj\u0105ca do je\u017cd\u017cenia"},"content":{"rendered":"\n<figure class=\"wp-block-image aligncenter size-full\"><img loading=\"lazy\" decoding=\"async\" width=\"1200\" height=\"800\" src=\"https:\/\/wgphoto.pl\/t\/wp-content\/uploads\/2025\/02\/imgp3443.jpg\" alt=\"\" class=\"wp-image-12222\" srcset=\"https:\/\/wgphoto.pl\/t\/wp-content\/uploads\/2025\/02\/imgp3443.jpg 1200w, https:\/\/wgphoto.pl\/t\/wp-content\/uploads\/2025\/02\/imgp3443-300x200.jpg 300w, https:\/\/wgphoto.pl\/t\/wp-content\/uploads\/2025\/02\/imgp3443-768x512.jpg 768w\" sizes=\"auto, (max-width: 1200px) 100vw, 1200px\" \/><\/figure>\n\n\n\n<div class=\"wp-block-group has-global-padding is-layout-constrained wp-block-group-is-layout-constrained\">\n<p>Rabotstraat w Gandawie jest na tym odcinku ulic\u0105 jednokierunkow\u0105 dla aut. Wy\u0142\u0105czony pas ruchu wyr\u00f3\u017cnia nawierzchnia. O ile z nawierzchni\u0105 &#8222;zniech\u0119caj\u0105c\u0105 do chodzenia&#8221; na deptakach (kt\u00f3rej ide\u0105 jest np. zniech\u0119cenie do deptania po torowisku) ju\u017c si\u0119 spotka\u0142em, o tyle z nawierzchni\u0105 &#8222;zniech\u0119caj\u0105c\u0105 do je\u017cd\u017cenia&#8221; na ulicach &#8211; jeszcze nie. 2010-05-16<\/p>\n<\/div>\n","protected":false},"excerpt":{"rendered":"<p>Rabotstraat w Gandawie jest na tym odcinku ulic\u0105 jednokierunkow\u0105 dla aut. Wy\u0142\u0105czony pas ruchu wyr\u00f3\u017cnia nawierzchnia. O ile z nawierzchni\u0105 &#8222;zniech\u0119caj\u0105c\u0105 do chodzenia&#8221; na deptakach (kt\u00f3rej ide\u0105 jest np. zniech\u0119cenie do deptania po torowisku) ju\u017c si\u0119 spotka\u0142em, o tyle z nawierzchni\u0105 &#8222;zniech\u0119caj\u0105c\u0105 do je\u017cd\u017cenia&#8221; na ulicach &#8211; jeszcze nie. 2010-05-16<\/p>\n","protected":false},"author":1,"featured_media":12222,"comment_status":"open","ping_status":"","sticky":false,"template":"","format":"standard","meta":{"footnotes":""},"categories":[86,3],"tags":[815,695,1415,1218,173,853],"class_list":["post-12221","post","type-post","status-publish","format-standard","has-post-thumbnail","hentry","category-rok-2010","category-tramwaj","tag-2010-05-16","tag-belgia","tag-de-lijn","tag-gandawa","tag-koncowki","tag-sachsen-tram"],"_links":{"self":[{"href":"https:\/\/wgphoto.pl\/t\/index.php?rest_route=\/wp\/v2\/posts\/12221","targetHints":{"allow":["GET"]}}],"collection":[{"href":"https:\/\/wgphoto.pl\/t\/index.php?rest_route=\/wp\/v2\/posts"}],"about":[{"href":"https:\/\/wgphoto.pl\/t\/index.php?rest_route=\/wp\/v2\/types\/post"}],"author":[{"embeddable":true,"href":"https:\/\/wgphoto.pl\/t\/index.php?rest_route=\/wp\/v2\/users\/1"}],"replies":[{"embeddable":true,"href":"https:\/\/wgphoto.pl\/t\/index.php?rest_route=%2Fwp%2Fv2%2Fcomments&post=12221"}],"version-history":[{"count":1,"href":"https:\/\/wgphoto.pl\/t\/index.php?rest_route=\/wp\/v2\/posts\/12221\/revisions"}],"predecessor-version":[{"id":12223,"href":"https:\/\/wgphoto.pl\/t\/index.php?rest_route=\/wp\/v2\/posts\/12221\/revisions\/12223"}],"wp:featuredmedia":[{"embeddable":true,"href":"https:\/\/wgphoto.pl\/t\/index.php?rest_route=\/wp\/v2\/media\/12222"}],"wp:attachment":[{"href":"https:\/\/wgphoto.pl\/t\/index.php?rest_route=%2Fwp%2Fv2%2Fmedia&parent=12221"}],"wp:term":[{"taxonomy":"category","embeddable":true,"href":"https:\/\/wgphoto.pl\/t\/index.php?rest_route=%2Fwp%2Fv2%2Fcategories&post=12221"},{"taxonomy":"post_tag","embeddable":true,"href":"https:\/\/wgphoto.pl\/t\/index.php?rest_route=%2Fwp%2Fv2%2Ftags&post=12221"}],"curies":[{"name":"wp","href":"https:\/\/api.w.org\/{rel}","templated":true}]}}