{"id":12224,"date":"2025-02-14T17:59:31","date_gmt":"2025-02-14T16:59:31","guid":{"rendered":"https:\/\/wgphoto.pl\/t\/?p=12224"},"modified":"2025-02-14T17:59:31","modified_gmt":"2025-02-14T16:59:31","slug":"gandawa-eklektyczna","status":"publish","type":"post","link":"https:\/\/wgphoto.pl\/t\/?p=12224","title":{"rendered":"Gandawa eklektyczna"},"content":{"rendered":"\n<figure class=\"wp-block-image aligncenter size-full\"><img loading=\"lazy\" decoding=\"async\" width=\"900\" height=\"600\" src=\"https:\/\/wgphoto.pl\/t\/wp-content\/uploads\/2025\/02\/imgp3437-10.jpg\" alt=\"\" class=\"wp-image-12225\" srcset=\"https:\/\/wgphoto.pl\/t\/wp-content\/uploads\/2025\/02\/imgp3437-10.jpg 900w, https:\/\/wgphoto.pl\/t\/wp-content\/uploads\/2025\/02\/imgp3437-10-300x200.jpg 300w, https:\/\/wgphoto.pl\/t\/wp-content\/uploads\/2025\/02\/imgp3437-10-768x512.jpg 768w\" sizes=\"auto, (max-width: 900px) 100vw, 900px\" \/><\/figure>\n\n\n\n<div class=\"wp-block-group has-global-padding is-layout-constrained wp-block-group-is-layout-constrained\">\n<p>Rabotstraat na swoim p\u00f3\u0142nocnym ko\u0144cu prezentuje pe\u0142en eklektyzm w zabudowie. \ud83d\ude09 Tramwaj linii 1 jad\u0105c do Evergem wykr\u0119ca w Begijnhoflaan, gdzie zaliczy wsp\u00f3lny przystanek z lini\u0105 4. 16.05.2010<\/p>\n<\/div>\n","protected":false},"excerpt":{"rendered":"<p>Rabotstraat na swoim p\u00f3\u0142nocnym ko\u0144cu prezentuje pe\u0142en eklektyzm w zabudowie. \ud83d\ude09 Tramwaj linii 1 jad\u0105c do Evergem wykr\u0119ca w Begijnhoflaan, gdzie zaliczy wsp\u00f3lny przystanek z lini\u0105 4. 16.05.2010<\/p>\n","protected":false},"author":1,"featured_media":12225,"comment_status":"open","ping_status":"","sticky":false,"template":"","format":"standard","meta":{"footnotes":""},"categories":[86,3],"tags":[815,695,1415,1218,853],"class_list":["post-12224","post","type-post","status-publish","format-standard","has-post-thumbnail","hentry","category-rok-2010","category-tramwaj","tag-2010-05-16","tag-belgia","tag-de-lijn","tag-gandawa","tag-sachsen-tram"],"_links":{"self":[{"href":"https:\/\/wgphoto.pl\/t\/index.php?rest_route=\/wp\/v2\/posts\/12224","targetHints":{"allow":["GET"]}}],"collection":[{"href":"https:\/\/wgphoto.pl\/t\/index.php?rest_route=\/wp\/v2\/posts"}],"about":[{"href":"https:\/\/wgphoto.pl\/t\/index.php?rest_route=\/wp\/v2\/types\/post"}],"author":[{"embeddable":true,"href":"https:\/\/wgphoto.pl\/t\/index.php?rest_route=\/wp\/v2\/users\/1"}],"replies":[{"embeddable":true,"href":"https:\/\/wgphoto.pl\/t\/index.php?rest_route=%2Fwp%2Fv2%2Fcomments&post=12224"}],"version-history":[{"count":1,"href":"https:\/\/wgphoto.pl\/t\/index.php?rest_route=\/wp\/v2\/posts\/12224\/revisions"}],"predecessor-version":[{"id":12226,"href":"https:\/\/wgphoto.pl\/t\/index.php?rest_route=\/wp\/v2\/posts\/12224\/revisions\/12226"}],"wp:featuredmedia":[{"embeddable":true,"href":"https:\/\/wgphoto.pl\/t\/index.php?rest_route=\/wp\/v2\/media\/12225"}],"wp:attachment":[{"href":"https:\/\/wgphoto.pl\/t\/index.php?rest_route=%2Fwp%2Fv2%2Fmedia&parent=12224"}],"wp:term":[{"taxonomy":"category","embeddable":true,"href":"https:\/\/wgphoto.pl\/t\/index.php?rest_route=%2Fwp%2Fv2%2Fcategories&post=12224"},{"taxonomy":"post_tag","embeddable":true,"href":"https:\/\/wgphoto.pl\/t\/index.php?rest_route=%2Fwp%2Fv2%2Ftags&post=12224"}],"curies":[{"name":"wp","href":"https:\/\/api.w.org\/{rel}","templated":true}]}}