{"id":12227,"date":"2025-02-14T18:00:50","date_gmt":"2025-02-14T17:00:50","guid":{"rendered":"https:\/\/wgphoto.pl\/t\/?p=12227"},"modified":"2025-02-14T18:00:50","modified_gmt":"2025-02-14T17:00:50","slug":"su45-128-gorzow-wlkp-santok","status":"publish","type":"post","link":"https:\/\/wgphoto.pl\/t\/?p=12227","title":{"rendered":"SU45-128, Gorz\u00f3w Wlkp. &#8211; Santok"},"content":{"rendered":"\n<figure class=\"wp-block-image aligncenter size-full\"><img loading=\"lazy\" decoding=\"async\" width=\"1000\" height=\"667\" src=\"https:\/\/wgphoto.pl\/t\/wp-content\/uploads\/2025\/02\/imgp8347.jpg\" alt=\"\" class=\"wp-image-12228\" srcset=\"https:\/\/wgphoto.pl\/t\/wp-content\/uploads\/2025\/02\/imgp8347.jpg 1000w, https:\/\/wgphoto.pl\/t\/wp-content\/uploads\/2025\/02\/imgp8347-300x200.jpg 300w, https:\/\/wgphoto.pl\/t\/wp-content\/uploads\/2025\/02\/imgp8347-768x512.jpg 768w\" sizes=\"auto, (max-width: 1000px) 100vw, 1000px\" \/><\/figure>\n\n\n\n<div class=\"wp-block-group has-global-padding is-layout-constrained wp-block-group-is-layout-constrained\">\n<p>SU45-128 z osobowym Kostrzyn &#8211; Krzy\u017c (zaszynobus z okazji woodstocku) mija pierwsze zabudowania po\u0142o\u017conego nad Wart\u0105 Santoka. 03.08.2009<\/p>\n<\/div>\n","protected":false},"excerpt":{"rendered":"<p>SU45-128 z osobowym Kostrzyn &#8211; Krzy\u017c (zaszynobus z okazji woodstocku) mija pierwsze zabudowania po\u0142o\u017conego nad Wart\u0105 Santoka. 03.08.2009<\/p>\n","protected":false},"author":1,"featured_media":12228,"comment_status":"open","ping_status":"","sticky":false,"template":"","format":"standard","meta":{"footnotes":""},"categories":[2,169],"tags":[799,798,595,63,27,73,3176,290,594],"class_list":["post-12227","post","type-post","status-publish","format-standard","has-post-thumbnail","hentry","category-kolej","category-rok-2009","tag-2009-08-03","tag-gorzow-wielkopolski","tag-ostbahn","tag-pkp","tag-polska","tag-rzeka","tag-santok","tag-su45","tag-tab-pl345"],"_links":{"self":[{"href":"https:\/\/wgphoto.pl\/t\/index.php?rest_route=\/wp\/v2\/posts\/12227","targetHints":{"allow":["GET"]}}],"collection":[{"href":"https:\/\/wgphoto.pl\/t\/index.php?rest_route=\/wp\/v2\/posts"}],"about":[{"href":"https:\/\/wgphoto.pl\/t\/index.php?rest_route=\/wp\/v2\/types\/post"}],"author":[{"embeddable":true,"href":"https:\/\/wgphoto.pl\/t\/index.php?rest_route=\/wp\/v2\/users\/1"}],"replies":[{"embeddable":true,"href":"https:\/\/wgphoto.pl\/t\/index.php?rest_route=%2Fwp%2Fv2%2Fcomments&post=12227"}],"version-history":[{"count":1,"href":"https:\/\/wgphoto.pl\/t\/index.php?rest_route=\/wp\/v2\/posts\/12227\/revisions"}],"predecessor-version":[{"id":12229,"href":"https:\/\/wgphoto.pl\/t\/index.php?rest_route=\/wp\/v2\/posts\/12227\/revisions\/12229"}],"wp:featuredmedia":[{"embeddable":true,"href":"https:\/\/wgphoto.pl\/t\/index.php?rest_route=\/wp\/v2\/media\/12228"}],"wp:attachment":[{"href":"https:\/\/wgphoto.pl\/t\/index.php?rest_route=%2Fwp%2Fv2%2Fmedia&parent=12227"}],"wp:term":[{"taxonomy":"category","embeddable":true,"href":"https:\/\/wgphoto.pl\/t\/index.php?rest_route=%2Fwp%2Fv2%2Fcategories&post=12227"},{"taxonomy":"post_tag","embeddable":true,"href":"https:\/\/wgphoto.pl\/t\/index.php?rest_route=%2Fwp%2Fv2%2Ftags&post=12227"}],"curies":[{"name":"wp","href":"https:\/\/api.w.org\/{rel}","templated":true}]}}