{"id":12234,"date":"2025-02-14T18:55:11","date_gmt":"2025-02-14T17:55:11","guid":{"rendered":"https:\/\/wgphoto.pl\/t\/?p=12234"},"modified":"2025-02-14T18:55:11","modified_gmt":"2025-02-14T17:55:11","slug":"spotkanie-2","status":"publish","type":"post","link":"https:\/\/wgphoto.pl\/t\/?p=12234","title":{"rendered":"Spotkanie"},"content":{"rendered":"\n<figure class=\"wp-block-image aligncenter size-full\"><img loading=\"lazy\" decoding=\"async\" width=\"1200\" height=\"803\" src=\"https:\/\/wgphoto.pl\/t\/wp-content\/uploads\/2025\/02\/imgp6783a.jpg\" alt=\"\" class=\"wp-image-12235\" srcset=\"https:\/\/wgphoto.pl\/t\/wp-content\/uploads\/2025\/02\/imgp6783a.jpg 1200w, https:\/\/wgphoto.pl\/t\/wp-content\/uploads\/2025\/02\/imgp6783a-300x201.jpg 300w, https:\/\/wgphoto.pl\/t\/wp-content\/uploads\/2025\/02\/imgp6783a-768x514.jpg 768w\" sizes=\"auto, (max-width: 1200px) 100vw, 1200px\" \/><\/figure>\n\n\n\n<div class=\"wp-block-group has-global-padding is-layout-constrained wp-block-group-is-layout-constrained\">\n<p>Porto, Carmo. Rzut oka na kabin\u0119 wagonu CCFP Brill-28, kt\u00f3ry od zewn\u0105trz wygl\u0105da jak przez okno. 2010-09-02<\/p>\n<\/div>\n","protected":false},"excerpt":{"rendered":"<p>Porto, Carmo. Rzut oka na kabin\u0119 wagonu CCFP Brill-28, kt\u00f3ry od zewn\u0105trz wygl\u0105da jak przez okno. 2010-09-02<\/p>\n","protected":false},"author":1,"featured_media":12235,"comment_status":"open","ping_status":"","sticky":false,"template":"","format":"standard","meta":{"footnotes":""},"categories":[220,86,3],"tags":[1198,1197,503,297,454],"class_list":["post-12234","post","type-post","status-publish","format-standard","has-post-thumbnail","hentry","category-blo","category-rok-2010","category-tramwaj","tag-2010-09-02","tag-brill-28","tag-porto","tag-portugalia","tag-wnetrza-pojazdow"],"_links":{"self":[{"href":"https:\/\/wgphoto.pl\/t\/index.php?rest_route=\/wp\/v2\/posts\/12234","targetHints":{"allow":["GET"]}}],"collection":[{"href":"https:\/\/wgphoto.pl\/t\/index.php?rest_route=\/wp\/v2\/posts"}],"about":[{"href":"https:\/\/wgphoto.pl\/t\/index.php?rest_route=\/wp\/v2\/types\/post"}],"author":[{"embeddable":true,"href":"https:\/\/wgphoto.pl\/t\/index.php?rest_route=\/wp\/v2\/users\/1"}],"replies":[{"embeddable":true,"href":"https:\/\/wgphoto.pl\/t\/index.php?rest_route=%2Fwp%2Fv2%2Fcomments&post=12234"}],"version-history":[{"count":1,"href":"https:\/\/wgphoto.pl\/t\/index.php?rest_route=\/wp\/v2\/posts\/12234\/revisions"}],"predecessor-version":[{"id":12236,"href":"https:\/\/wgphoto.pl\/t\/index.php?rest_route=\/wp\/v2\/posts\/12234\/revisions\/12236"}],"wp:featuredmedia":[{"embeddable":true,"href":"https:\/\/wgphoto.pl\/t\/index.php?rest_route=\/wp\/v2\/media\/12235"}],"wp:attachment":[{"href":"https:\/\/wgphoto.pl\/t\/index.php?rest_route=%2Fwp%2Fv2%2Fmedia&parent=12234"}],"wp:term":[{"taxonomy":"category","embeddable":true,"href":"https:\/\/wgphoto.pl\/t\/index.php?rest_route=%2Fwp%2Fv2%2Fcategories&post=12234"},{"taxonomy":"post_tag","embeddable":true,"href":"https:\/\/wgphoto.pl\/t\/index.php?rest_route=%2Fwp%2Fv2%2Ftags&post=12234"}],"curies":[{"name":"wp","href":"https:\/\/api.w.org\/{rel}","templated":true}]}}