{"id":12240,"date":"2025-02-14T18:57:06","date_gmt":"2025-02-14T17:57:06","guid":{"rendered":"https:\/\/wgphoto.pl\/t\/?p=12240"},"modified":"2025-02-14T18:57:06","modified_gmt":"2025-02-14T17:57:06","slug":"se-de-lisboa","status":"publish","type":"post","link":"https:\/\/wgphoto.pl\/t\/?p=12240","title":{"rendered":"S\u00e9 de Lisboa"},"content":{"rendered":"\n<figure class=\"wp-block-image aligncenter size-full\"><img loading=\"lazy\" decoding=\"async\" width=\"1200\" height=\"900\" src=\"https:\/\/wgphoto.pl\/t\/wp-content\/uploads\/2025\/02\/imgp7519.jpg\" alt=\"\" class=\"wp-image-12241\" srcset=\"https:\/\/wgphoto.pl\/t\/wp-content\/uploads\/2025\/02\/imgp7519.jpg 1200w, https:\/\/wgphoto.pl\/t\/wp-content\/uploads\/2025\/02\/imgp7519-300x225.jpg 300w, https:\/\/wgphoto.pl\/t\/wp-content\/uploads\/2025\/02\/imgp7519-768x576.jpg 768w\" sizes=\"auto, (max-width: 1200px) 100vw, 1200px\" \/><\/figure>\n\n\n\n<div class=\"wp-block-group has-global-padding is-layout-constrained wp-block-group-is-layout-constrained\">\n<p>Lizbona, Largo da S\u00e9. Wagon 560 mija katedr\u0119 Naj\u015bwi\u0119tszej Marii Panny. To zdj\u0119cie oszukuje rzeczywisto\u015b\u0107, poniewa\u017c tutaj jest zazwyczaj zdecydowanie wi\u0119cej ludzi ni\u017c to wida\u0107 powy\u017cej. 2010-09-07<\/p>\n<\/div>\n","protected":false},"excerpt":{"rendered":"<p>Lizbona, Largo da S\u00e9. Wagon 560 mija katedr\u0119 Naj\u015bwi\u0119tszej Marii Panny. To zdj\u0119cie oszukuje rzeczywisto\u015b\u0107, poniewa\u017c tutaj jest zazwyczaj zdecydowanie wi\u0119cej ludzi ni\u017c to wida\u0107 powy\u017cej. 2010-09-07<\/p>\n","protected":false},"author":1,"featured_media":12241,"comment_status":"open","ping_status":"","sticky":false,"template":"","format":"standard","meta":{"footnotes":""},"categories":[86,3],"tags":[1430,34,299,298,297,588],"class_list":["post-12240","post","type-post","status-publish","format-standard","has-post-thumbnail","hentry","category-rok-2010","category-tramwaj","tag-2010-09-07","tag-architektura","tag-carris-lisboa","tag-lizbona","tag-portugalia","tag-remodelado"],"_links":{"self":[{"href":"https:\/\/wgphoto.pl\/t\/index.php?rest_route=\/wp\/v2\/posts\/12240","targetHints":{"allow":["GET"]}}],"collection":[{"href":"https:\/\/wgphoto.pl\/t\/index.php?rest_route=\/wp\/v2\/posts"}],"about":[{"href":"https:\/\/wgphoto.pl\/t\/index.php?rest_route=\/wp\/v2\/types\/post"}],"author":[{"embeddable":true,"href":"https:\/\/wgphoto.pl\/t\/index.php?rest_route=\/wp\/v2\/users\/1"}],"replies":[{"embeddable":true,"href":"https:\/\/wgphoto.pl\/t\/index.php?rest_route=%2Fwp%2Fv2%2Fcomments&post=12240"}],"version-history":[{"count":1,"href":"https:\/\/wgphoto.pl\/t\/index.php?rest_route=\/wp\/v2\/posts\/12240\/revisions"}],"predecessor-version":[{"id":12242,"href":"https:\/\/wgphoto.pl\/t\/index.php?rest_route=\/wp\/v2\/posts\/12240\/revisions\/12242"}],"wp:featuredmedia":[{"embeddable":true,"href":"https:\/\/wgphoto.pl\/t\/index.php?rest_route=\/wp\/v2\/media\/12241"}],"wp:attachment":[{"href":"https:\/\/wgphoto.pl\/t\/index.php?rest_route=%2Fwp%2Fv2%2Fmedia&parent=12240"}],"wp:term":[{"taxonomy":"category","embeddable":true,"href":"https:\/\/wgphoto.pl\/t\/index.php?rest_route=%2Fwp%2Fv2%2Fcategories&post=12240"},{"taxonomy":"post_tag","embeddable":true,"href":"https:\/\/wgphoto.pl\/t\/index.php?rest_route=%2Fwp%2Fv2%2Ftags&post=12240"}],"curies":[{"name":"wp","href":"https:\/\/api.w.org\/{rel}","templated":true}]}}