{"id":12259,"date":"2025-02-14T21:50:15","date_gmt":"2025-02-14T20:50:15","guid":{"rendered":"https:\/\/wgphoto.pl\/t\/?p=12259"},"modified":"2025-02-14T21:50:15","modified_gmt":"2025-02-14T20:50:15","slug":"straznica-przejazdowa","status":"publish","type":"post","link":"https:\/\/wgphoto.pl\/t\/?p=12259","title":{"rendered":"Stra\u017cnica przejazdowa"},"content":{"rendered":"\n<figure class=\"wp-block-image aligncenter size-full\"><img loading=\"lazy\" decoding=\"async\" width=\"1200\" height=\"803\" src=\"https:\/\/wgphoto.pl\/t\/wp-content\/uploads\/2025\/02\/imgp7172.jpg\" alt=\"\" class=\"wp-image-12260\" srcset=\"https:\/\/wgphoto.pl\/t\/wp-content\/uploads\/2025\/02\/imgp7172.jpg 1200w, https:\/\/wgphoto.pl\/t\/wp-content\/uploads\/2025\/02\/imgp7172-300x201.jpg 300w, https:\/\/wgphoto.pl\/t\/wp-content\/uploads\/2025\/02\/imgp7172-768x514.jpg 768w\" sizes=\"auto, (max-width: 1200px) 100vw, 1200px\" \/><\/figure>\n\n\n\n<div class=\"wp-block-group has-global-padding is-layout-constrained wp-block-group-is-layout-constrained\">\n<p>Wagon CA02 min\u0105wszy jedyne w mie\u015bcie skrzy\u017cowanie tramwajowo &#8211; trolejbusowe zbli\u017ca si\u0119 do mijanki Mercalli. Budynek po prawej zdradza sw\u0105 dawn\u0105 funkcj\u0119 nie tylko charakterystyczn\u0105, &#8222;kolejow\u0105&#8221; bry\u0142\u0105, ale te\u017c oznaczeniem typowym dla stra\u017cnic przejazdowych. Po lewej za\u015b w ogr\u00f3dku Sardy\u0144czycy uprawiaj\u0105 sobie drzewka cytrynowe i pomara\u0144czowe. 22.03.2012<\/p>\n<\/div>\n","protected":false},"excerpt":{"rendered":"<p>Wagon CA02 min\u0105wszy jedyne w mie\u015bcie skrzy\u017cowanie tramwajowo &#8211; trolejbusowe zbli\u017ca si\u0119 do mijanki Mercalli. Budynek po prawej zdradza sw\u0105 dawn\u0105 funkcj\u0119 nie tylko charakterystyczn\u0105, &#8222;kolejow\u0105&#8221; bry\u0142\u0105, ale te\u017c oznaczeniem typowym dla stra\u017cnic przejazdowych. Po lewej za\u015b w ogr\u00f3dku Sardy\u0144czycy uprawiaj\u0105 sobie drzewka cytrynowe i pomara\u0144czowe. 22.03.2012<\/p>\n","protected":false},"author":1,"featured_media":12260,"comment_status":"open","ping_status":"","sticky":false,"template":"","format":"standard","meta":{"footnotes":""},"categories":[46,3],"tags":[2647,2648,1693,1691,3195,216,110],"class_list":["post-12259","post","type-post","status-publish","format-standard","has-post-thumbnail","hentry","category-rok-2012","category-tramwaj","tag-2012-03-22","tag-cagliari","tag-fds-cagliari","tag-sardynia","tag-skoda-06t","tag-skoda-elektra","tag-wlochy"],"_links":{"self":[{"href":"https:\/\/wgphoto.pl\/t\/index.php?rest_route=\/wp\/v2\/posts\/12259","targetHints":{"allow":["GET"]}}],"collection":[{"href":"https:\/\/wgphoto.pl\/t\/index.php?rest_route=\/wp\/v2\/posts"}],"about":[{"href":"https:\/\/wgphoto.pl\/t\/index.php?rest_route=\/wp\/v2\/types\/post"}],"author":[{"embeddable":true,"href":"https:\/\/wgphoto.pl\/t\/index.php?rest_route=\/wp\/v2\/users\/1"}],"replies":[{"embeddable":true,"href":"https:\/\/wgphoto.pl\/t\/index.php?rest_route=%2Fwp%2Fv2%2Fcomments&post=12259"}],"version-history":[{"count":1,"href":"https:\/\/wgphoto.pl\/t\/index.php?rest_route=\/wp\/v2\/posts\/12259\/revisions"}],"predecessor-version":[{"id":12261,"href":"https:\/\/wgphoto.pl\/t\/index.php?rest_route=\/wp\/v2\/posts\/12259\/revisions\/12261"}],"wp:featuredmedia":[{"embeddable":true,"href":"https:\/\/wgphoto.pl\/t\/index.php?rest_route=\/wp\/v2\/media\/12260"}],"wp:attachment":[{"href":"https:\/\/wgphoto.pl\/t\/index.php?rest_route=%2Fwp%2Fv2%2Fmedia&parent=12259"}],"wp:term":[{"taxonomy":"category","embeddable":true,"href":"https:\/\/wgphoto.pl\/t\/index.php?rest_route=%2Fwp%2Fv2%2Fcategories&post=12259"},{"taxonomy":"post_tag","embeddable":true,"href":"https:\/\/wgphoto.pl\/t\/index.php?rest_route=%2Fwp%2Fv2%2Ftags&post=12259"}],"curies":[{"name":"wp","href":"https:\/\/api.w.org\/{rel}","templated":true}]}}