{"id":12271,"date":"2025-02-14T21:53:52","date_gmt":"2025-02-14T20:53:52","guid":{"rendered":"https:\/\/wgphoto.pl\/t\/?p=12271"},"modified":"2025-02-14T21:53:52","modified_gmt":"2025-02-14T20:53:52","slug":"motyw-kolczasty","status":"publish","type":"post","link":"https:\/\/wgphoto.pl\/t\/?p=12271","title":{"rendered":"Motyw kolczasty"},"content":{"rendered":"\n<figure class=\"wp-block-image aligncenter size-full\"><img loading=\"lazy\" decoding=\"async\" width=\"1300\" height=\"870\" src=\"https:\/\/wgphoto.pl\/t\/wp-content\/uploads\/2025\/02\/imgp7159.jpg\" alt=\"\" class=\"wp-image-12272\" srcset=\"https:\/\/wgphoto.pl\/t\/wp-content\/uploads\/2025\/02\/imgp7159.jpg 1300w, https:\/\/wgphoto.pl\/t\/wp-content\/uploads\/2025\/02\/imgp7159-300x201.jpg 300w, https:\/\/wgphoto.pl\/t\/wp-content\/uploads\/2025\/02\/imgp7159-768x514.jpg 768w\" sizes=\"auto, (max-width: 1300px) 100vw, 1300px\" \/><\/figure>\n\n\n\n<div class=\"wp-block-group has-global-padding is-layout-constrained wp-block-group-is-layout-constrained\">\n<p>Odcinek Centro Commerciale &#8211; Vesalio. W zwi\u0105zku z wykorzystywaniem torowiska kolejowego tramwaje, mimo \u017ce przeje\u017cd\u017caj\u0105 przez do\u015b\u0107 zurbanizowane tereny (s\u0105dz\u0105c po mapie), to w rzeczywisto\u015bci sprawiaj\u0105 wra\u017cenie jakby jecha\u0142y op\u0142otkami, przez krzaki. Na to foto za\u0142apa\u0142 si\u0119 akurat tylko jeden efektowny, kolczasty &#8222;krzak&#8221;, ale na Sardynii mo\u017cna pope\u0142ni\u0107 foto kolejowe, niby to na bezmotywiu, z dziesi\u0105tkami takich &#8222;krzak\u00f3w&#8221; w kadrze. 22.03.2012<\/p>\n<\/div>\n","protected":false},"excerpt":{"rendered":"<p>Odcinek Centro Commerciale &#8211; Vesalio. W zwi\u0105zku z wykorzystywaniem torowiska kolejowego tramwaje, mimo \u017ce przeje\u017cd\u017caj\u0105 przez do\u015b\u0107 zurbanizowane tereny (s\u0105dz\u0105c po mapie), to w rzeczywisto\u015bci sprawiaj\u0105 wra\u017cenie jakby jecha\u0142y op\u0142otkami, przez krzaki. Na to foto za\u0142apa\u0142 si\u0119 akurat tylko jeden efektowny, kolczasty &#8222;krzak&#8221;, ale na Sardynii mo\u017cna pope\u0142ni\u0107 foto kolejowe, niby to na bezmotywiu, z [&hellip;]<\/p>\n","protected":false},"author":1,"featured_media":12272,"comment_status":"open","ping_status":"","sticky":false,"template":"","format":"standard","meta":{"footnotes":""},"categories":[46,3],"tags":[2647,2648,1693,1113,1691,3195,216,110],"class_list":["post-12271","post","type-post","status-publish","format-standard","has-post-thumbnail","hentry","category-rok-2012","category-tramwaj","tag-2012-03-22","tag-cagliari","tag-fds-cagliari","tag-roslinnosc","tag-sardynia","tag-skoda-06t","tag-skoda-elektra","tag-wlochy"],"_links":{"self":[{"href":"https:\/\/wgphoto.pl\/t\/index.php?rest_route=\/wp\/v2\/posts\/12271","targetHints":{"allow":["GET"]}}],"collection":[{"href":"https:\/\/wgphoto.pl\/t\/index.php?rest_route=\/wp\/v2\/posts"}],"about":[{"href":"https:\/\/wgphoto.pl\/t\/index.php?rest_route=\/wp\/v2\/types\/post"}],"author":[{"embeddable":true,"href":"https:\/\/wgphoto.pl\/t\/index.php?rest_route=\/wp\/v2\/users\/1"}],"replies":[{"embeddable":true,"href":"https:\/\/wgphoto.pl\/t\/index.php?rest_route=%2Fwp%2Fv2%2Fcomments&post=12271"}],"version-history":[{"count":1,"href":"https:\/\/wgphoto.pl\/t\/index.php?rest_route=\/wp\/v2\/posts\/12271\/revisions"}],"predecessor-version":[{"id":12273,"href":"https:\/\/wgphoto.pl\/t\/index.php?rest_route=\/wp\/v2\/posts\/12271\/revisions\/12273"}],"wp:featuredmedia":[{"embeddable":true,"href":"https:\/\/wgphoto.pl\/t\/index.php?rest_route=\/wp\/v2\/media\/12272"}],"wp:attachment":[{"href":"https:\/\/wgphoto.pl\/t\/index.php?rest_route=%2Fwp%2Fv2%2Fmedia&parent=12271"}],"wp:term":[{"taxonomy":"category","embeddable":true,"href":"https:\/\/wgphoto.pl\/t\/index.php?rest_route=%2Fwp%2Fv2%2Fcategories&post=12271"},{"taxonomy":"post_tag","embeddable":true,"href":"https:\/\/wgphoto.pl\/t\/index.php?rest_route=%2Fwp%2Fv2%2Ftags&post=12271"}],"curies":[{"name":"wp","href":"https:\/\/api.w.org\/{rel}","templated":true}]}}