{"id":12277,"date":"2025-02-14T21:56:11","date_gmt":"2025-02-14T20:56:11","guid":{"rendered":"https:\/\/wgphoto.pl\/t\/?p=12277"},"modified":"2025-02-14T21:56:11","modified_gmt":"2025-02-14T20:56:11","slug":"sniezka-w-glogowku","status":"publish","type":"post","link":"https:\/\/wgphoto.pl\/t\/?p=12277","title":{"rendered":"\u015anie\u017cka w G\u0142og\u00f3wku"},"content":{"rendered":"\n<figure class=\"wp-block-image aligncenter size-full\"><img loading=\"lazy\" decoding=\"async\" width=\"1024\" height=\"685\" src=\"https:\/\/wgphoto.pl\/t\/wp-content\/uploads\/2025\/02\/0524-36.jpg\" alt=\"\" class=\"wp-image-12278\" srcset=\"https:\/\/wgphoto.pl\/t\/wp-content\/uploads\/2025\/02\/0524-36.jpg 1024w, https:\/\/wgphoto.pl\/t\/wp-content\/uploads\/2025\/02\/0524-36-300x201.jpg 300w, https:\/\/wgphoto.pl\/t\/wp-content\/uploads\/2025\/02\/0524-36-768x514.jpg 768w\" sizes=\"auto, (max-width: 1024px) 100vw, 1024px\" \/><\/figure>\n\n\n\n<div class=\"wp-block-group has-global-padding is-layout-constrained wp-block-group-is-layout-constrained\">\n<p>SU45-064 z poci\u0105giem pospiesznym 36511 &#8222;\u015anie\u017cka&#8221; z Krakowa do Jeleniej G\u00f3ry (przez K\u0142odzko) odje\u017cd\u017ca z G\u0142og\u00f3wka. 01.09.2005<\/p>\n<\/div>\n","protected":false},"excerpt":{"rendered":"<p>SU45-064 z poci\u0105giem pospiesznym 36511 &#8222;\u015anie\u017cka&#8221; z Krakowa do Jeleniej G\u00f3ry (przez K\u0142odzko) odje\u017cd\u017ca z G\u0142og\u00f3wka. 01.09.2005<\/p>\n","protected":false},"author":1,"featured_media":12278,"comment_status":"open","ping_status":"","sticky":false,"template":"","format":"standard","meta":{"footnotes":""},"categories":[62,2,311],"tags":[1635,1634,63,27,290,319],"class_list":["post-12277","post","type-post","status-publish","format-standard","has-post-thumbnail","hentry","category-analog","category-kolej","category-rok-2005","tag-2005-09-01","tag-glogowek","tag-pkp","tag-polska","tag-su45","tag-tab-pl235"],"_links":{"self":[{"href":"https:\/\/wgphoto.pl\/t\/index.php?rest_route=\/wp\/v2\/posts\/12277","targetHints":{"allow":["GET"]}}],"collection":[{"href":"https:\/\/wgphoto.pl\/t\/index.php?rest_route=\/wp\/v2\/posts"}],"about":[{"href":"https:\/\/wgphoto.pl\/t\/index.php?rest_route=\/wp\/v2\/types\/post"}],"author":[{"embeddable":true,"href":"https:\/\/wgphoto.pl\/t\/index.php?rest_route=\/wp\/v2\/users\/1"}],"replies":[{"embeddable":true,"href":"https:\/\/wgphoto.pl\/t\/index.php?rest_route=%2Fwp%2Fv2%2Fcomments&post=12277"}],"version-history":[{"count":1,"href":"https:\/\/wgphoto.pl\/t\/index.php?rest_route=\/wp\/v2\/posts\/12277\/revisions"}],"predecessor-version":[{"id":12279,"href":"https:\/\/wgphoto.pl\/t\/index.php?rest_route=\/wp\/v2\/posts\/12277\/revisions\/12279"}],"wp:featuredmedia":[{"embeddable":true,"href":"https:\/\/wgphoto.pl\/t\/index.php?rest_route=\/wp\/v2\/media\/12278"}],"wp:attachment":[{"href":"https:\/\/wgphoto.pl\/t\/index.php?rest_route=%2Fwp%2Fv2%2Fmedia&parent=12277"}],"wp:term":[{"taxonomy":"category","embeddable":true,"href":"https:\/\/wgphoto.pl\/t\/index.php?rest_route=%2Fwp%2Fv2%2Fcategories&post=12277"},{"taxonomy":"post_tag","embeddable":true,"href":"https:\/\/wgphoto.pl\/t\/index.php?rest_route=%2Fwp%2Fv2%2Ftags&post=12277"}],"curies":[{"name":"wp","href":"https:\/\/api.w.org\/{rel}","templated":true}]}}