{"id":12280,"date":"2025-02-14T21:57:09","date_gmt":"2025-02-14T20:57:09","guid":{"rendered":"https:\/\/wgphoto.pl\/t\/?p=12280"},"modified":"2025-02-14T21:57:09","modified_gmt":"2025-02-14T20:57:09","slug":"60-sekund-z-zycia-placu-kubanskiego","status":"publish","type":"post","link":"https:\/\/wgphoto.pl\/t\/?p=12280","title":{"rendered":"60 sekund z \u017cycia placu Kuba\u0144skiego"},"content":{"rendered":"\n<figure class=\"wp-block-image aligncenter size-full\"><img loading=\"lazy\" decoding=\"async\" width=\"1024\" height=\"685\" src=\"https:\/\/wgphoto.pl\/t\/wp-content\/uploads\/2025\/02\/0821-08.jpg\" alt=\"\" class=\"wp-image-12281\" srcset=\"https:\/\/wgphoto.pl\/t\/wp-content\/uploads\/2025\/02\/0821-08.jpg 1024w, https:\/\/wgphoto.pl\/t\/wp-content\/uploads\/2025\/02\/0821-08-300x201.jpg 300w, https:\/\/wgphoto.pl\/t\/wp-content\/uploads\/2025\/02\/0821-08-768x514.jpg 768w\" sizes=\"auto, (max-width: 1024px) 100vw, 1024px\" \/><\/figure>\n\n\n\n<div class=\"wp-block-group has-global-padding is-layout-constrained wp-block-group-is-layout-constrained\">\n<p>Praga, Kubansk\u00e9 N\u00e1m\u011bst\u00ed, zestaw T3R.P 8411+8410. Zmodernizowane praskie tatry zwyk\u0142y odbywac postoje na p\u0119tlach z ca\u0142kowicie wy\u0142\u0105czonym o\u015bwietleniem. Czerwie\u0144 \u015bwiate\u0142 tylnych pochodzi najpewniej od stop\u00f3w, za\u0142\u0105czonych z automatu po pozostawieniu d\u017cojstika na hamowaniu. Brak przednich pozycji, o\u015bwietlenia wewn\u0119trznego oraz wygaszone wy\u015bwietlacze pozwalaj\u0105 powy\u017cywa\u0107 si\u0119 nad klisz\u0105. Tytu\u0142owe sze\u015b\u0107dziesi\u0105t sekund to czas na\u015bwietlania tego kadru. 09.11.2008<\/p>\n<\/div>\n","protected":false},"excerpt":{"rendered":"<p>Praga, Kubansk\u00e9 N\u00e1m\u011bst\u00ed, zestaw T3R.P 8411+8410. Zmodernizowane praskie tatry zwyk\u0142y odbywac postoje na p\u0119tlach z ca\u0142kowicie wy\u0142\u0105czonym o\u015bwietleniem. Czerwie\u0144 \u015bwiate\u0142 tylnych pochodzi najpewniej od stop\u00f3w, za\u0142\u0105czonych z automatu po pozostawieniu d\u017cojstika na hamowaniu. Brak przednich pozycji, o\u015bwietlenia wewn\u0119trznego oraz wygaszone wy\u015bwietlacze pozwalaj\u0105 powy\u017cywa\u0107 si\u0119 nad klisz\u0105. Tytu\u0142owe sze\u015b\u0107dziesi\u0105t sekund to czas na\u015bwietlania tego kadru. 09.11.2008<\/p>\n","protected":false},"author":1,"featured_media":12281,"comment_status":"open","ping_status":"","sticky":false,"template":"","format":"standard","meta":{"footnotes":""},"categories":[62,120,3],"tags":[2113,49,1049,154,52,1011],"class_list":["post-12280","post","type-post","status-publish","format-standard","has-post-thumbnail","hentry","category-analog","category-rok-2008","category-tramwaj","tag-2008-11-09","tag-czechy","tag-dp-praha","tag-noc","tag-praga","tag-tatra-t3"],"_links":{"self":[{"href":"https:\/\/wgphoto.pl\/t\/index.php?rest_route=\/wp\/v2\/posts\/12280","targetHints":{"allow":["GET"]}}],"collection":[{"href":"https:\/\/wgphoto.pl\/t\/index.php?rest_route=\/wp\/v2\/posts"}],"about":[{"href":"https:\/\/wgphoto.pl\/t\/index.php?rest_route=\/wp\/v2\/types\/post"}],"author":[{"embeddable":true,"href":"https:\/\/wgphoto.pl\/t\/index.php?rest_route=\/wp\/v2\/users\/1"}],"replies":[{"embeddable":true,"href":"https:\/\/wgphoto.pl\/t\/index.php?rest_route=%2Fwp%2Fv2%2Fcomments&post=12280"}],"version-history":[{"count":1,"href":"https:\/\/wgphoto.pl\/t\/index.php?rest_route=\/wp\/v2\/posts\/12280\/revisions"}],"predecessor-version":[{"id":12282,"href":"https:\/\/wgphoto.pl\/t\/index.php?rest_route=\/wp\/v2\/posts\/12280\/revisions\/12282"}],"wp:featuredmedia":[{"embeddable":true,"href":"https:\/\/wgphoto.pl\/t\/index.php?rest_route=\/wp\/v2\/media\/12281"}],"wp:attachment":[{"href":"https:\/\/wgphoto.pl\/t\/index.php?rest_route=%2Fwp%2Fv2%2Fmedia&parent=12280"}],"wp:term":[{"taxonomy":"category","embeddable":true,"href":"https:\/\/wgphoto.pl\/t\/index.php?rest_route=%2Fwp%2Fv2%2Fcategories&post=12280"},{"taxonomy":"post_tag","embeddable":true,"href":"https:\/\/wgphoto.pl\/t\/index.php?rest_route=%2Fwp%2Fv2%2Ftags&post=12280"}],"curies":[{"name":"wp","href":"https:\/\/api.w.org\/{rel}","templated":true}]}}