{"id":12283,"date":"2025-02-14T21:58:06","date_gmt":"2025-02-14T20:58:06","guid":{"rendered":"https:\/\/wgphoto.pl\/t\/?p=12283"},"modified":"2025-02-14T21:58:06","modified_gmt":"2025-02-14T20:58:06","slug":"60-sekund-na-diablicach","status":"publish","type":"post","link":"https:\/\/wgphoto.pl\/t\/?p=12283","title":{"rendered":"60 sekund na Diablicach"},"content":{"rendered":"\n<figure class=\"wp-block-image aligncenter size-full\"><img loading=\"lazy\" decoding=\"async\" width=\"1024\" height=\"653\" src=\"https:\/\/wgphoto.pl\/t\/wp-content\/uploads\/2025\/02\/0902-10.jpg\" alt=\"\" class=\"wp-image-12284\" srcset=\"https:\/\/wgphoto.pl\/t\/wp-content\/uploads\/2025\/02\/0902-10.jpg 1024w, https:\/\/wgphoto.pl\/t\/wp-content\/uploads\/2025\/02\/0902-10-300x191.jpg 300w, https:\/\/wgphoto.pl\/t\/wp-content\/uploads\/2025\/02\/0902-10-768x490.jpg 768w\" sizes=\"auto, (max-width: 1024px) 100vw, 1024px\" \/><\/figure>\n\n\n\n<div class=\"wp-block-group has-global-padding is-layout-constrained wp-block-group-is-layout-constrained\">\n<p>Praga, p\u0119tla Osiedle \u010e\u00e1blice. O sytuacji idealnej mo\u017cna m\u00f3wi\u0107 mi\u0119dzy innymi wtedy, gdy podczas nocnego fotografowania w kadrze nie znajdzie si\u0119 ani jedno \u017ar\u00f3d\u0142o \u015bwiat\u0142a skierowane prosto w obiektyw. 15.02.2009<\/p>\n<\/div>\n","protected":false},"excerpt":{"rendered":"<p>Praga, p\u0119tla Osiedle \u010e\u00e1blice. O sytuacji idealnej mo\u017cna m\u00f3wi\u0107 mi\u0119dzy innymi wtedy, gdy podczas nocnego fotografowania w kadrze nie znajdzie si\u0119 ani jedno \u017ar\u00f3d\u0142o \u015bwiat\u0142a skierowane prosto w obiektyw. 15.02.2009<\/p>\n","protected":false},"author":1,"featured_media":12284,"comment_status":"open","ping_status":"","sticky":false,"template":"","format":"standard","meta":{"footnotes":""},"categories":[62,169,3],"tags":[1379,49,1049,154,52,1011],"class_list":["post-12283","post","type-post","status-publish","format-standard","has-post-thumbnail","hentry","category-analog","category-rok-2009","category-tramwaj","tag-2009-02-15","tag-czechy","tag-dp-praha","tag-noc","tag-praga","tag-tatra-t3"],"_links":{"self":[{"href":"https:\/\/wgphoto.pl\/t\/index.php?rest_route=\/wp\/v2\/posts\/12283","targetHints":{"allow":["GET"]}}],"collection":[{"href":"https:\/\/wgphoto.pl\/t\/index.php?rest_route=\/wp\/v2\/posts"}],"about":[{"href":"https:\/\/wgphoto.pl\/t\/index.php?rest_route=\/wp\/v2\/types\/post"}],"author":[{"embeddable":true,"href":"https:\/\/wgphoto.pl\/t\/index.php?rest_route=\/wp\/v2\/users\/1"}],"replies":[{"embeddable":true,"href":"https:\/\/wgphoto.pl\/t\/index.php?rest_route=%2Fwp%2Fv2%2Fcomments&post=12283"}],"version-history":[{"count":1,"href":"https:\/\/wgphoto.pl\/t\/index.php?rest_route=\/wp\/v2\/posts\/12283\/revisions"}],"predecessor-version":[{"id":12285,"href":"https:\/\/wgphoto.pl\/t\/index.php?rest_route=\/wp\/v2\/posts\/12283\/revisions\/12285"}],"wp:featuredmedia":[{"embeddable":true,"href":"https:\/\/wgphoto.pl\/t\/index.php?rest_route=\/wp\/v2\/media\/12284"}],"wp:attachment":[{"href":"https:\/\/wgphoto.pl\/t\/index.php?rest_route=%2Fwp%2Fv2%2Fmedia&parent=12283"}],"wp:term":[{"taxonomy":"category","embeddable":true,"href":"https:\/\/wgphoto.pl\/t\/index.php?rest_route=%2Fwp%2Fv2%2Fcategories&post=12283"},{"taxonomy":"post_tag","embeddable":true,"href":"https:\/\/wgphoto.pl\/t\/index.php?rest_route=%2Fwp%2Fv2%2Ftags&post=12283"}],"curies":[{"name":"wp","href":"https:\/\/api.w.org\/{rel}","templated":true}]}}