{"id":12289,"date":"2025-02-14T22:00:41","date_gmt":"2025-02-14T21:00:41","guid":{"rendered":"https:\/\/wgphoto.pl\/t\/?p=12289"},"modified":"2025-02-14T22:00:41","modified_gmt":"2025-02-14T21:00:41","slug":"prazsky-semmering","status":"publish","type":"post","link":"https:\/\/wgphoto.pl\/t\/?p=12289","title":{"rendered":"Pra\u017esk\u00fd Semmering"},"content":{"rendered":"\n<figure class=\"wp-block-image aligncenter size-full\"><img loading=\"lazy\" decoding=\"async\" width=\"1024\" height=\"667\" src=\"https:\/\/wgphoto.pl\/t\/wp-content\/uploads\/2025\/02\/0821-19.jpg\" alt=\"\" class=\"wp-image-12290\" srcset=\"https:\/\/wgphoto.pl\/t\/wp-content\/uploads\/2025\/02\/0821-19.jpg 1024w, https:\/\/wgphoto.pl\/t\/wp-content\/uploads\/2025\/02\/0821-19-300x195.jpg 300w, https:\/\/wgphoto.pl\/t\/wp-content\/uploads\/2025\/02\/0821-19-768x500.jpg 768w\" sizes=\"auto, (max-width: 1024px) 100vw, 1024px\" \/><\/figure>\n\n\n\n<div class=\"wp-block-group has-global-padding is-layout-constrained wp-block-group-is-layout-constrained\">\n<p>Poci\u0105g 35904 relacji Praha-Sm\u00edchov severn\u00ed n\u00e1stupi\u0161t\u011b &#8211; Hostivice przemierza odcinek Praha-Sm\u00edchov &#8211; Praha-\u017dvahov. Pod stalowym prz\u0119s\u0142em przebiega tor linii kolejowej Praha-Sm\u00edchov &#8211; Rudn\u00e1 u Prahy, biegn\u0105cej dolin\u0105 Dalejskiego Potoku, kt\u00f3ry r\u00f3wnie\u017c pod widocznym mostem przep\u0142ywa. Gdyby dane mi by\u0142o kiedy\u015b powt\u00f3rzy\u0107 to uj\u0119cie, najlepiej w takim samym ciep\u0142ym \u015bwietle zachodz\u0105cego s\u0142o\u0144ca, umie\u015bci\u0142bym motoraka w samym \u015brodku kadru, na wspomnianym stalowym prz\u0119\u015ble mostu.<br><br>Warto r\u00f3wnie\u017c doda\u0107 par\u0119 s\u0142\u00f3w na temat stacji pocz\u0105tkowej poci\u0105gu. Ot\u00f3\u017c ze wzgl\u0119du na uk\u0142ad torowy Prahy-Sm\u00edchova startuje on z &#8222;peronu p\u00f3\u0142nocnego&#8221; tej\u017ce stacji, posiadaj\u0105cego bardzo kiepsk\u0105 lokalizacj\u0119 w znacznym oddaleniu od pozosta\u0142ych peron\u00f3w. Fakt ten t\u0142umaczy mizern\u0105 ofert\u0119 w tabeli 122 (przez prezentowany wiadukt przeje\u017cd\u017ca\u0142y w\u00f3wczas dwie pary poci\u0105g\u00f3w dziennie). Czesi najwyra\u017aniej nie lubi\u0105 niewykorzystanego potencja\u0142u kolei, bowiem w 2011 roku otwarto przystanek Praha-Sm\u00edchov Na Kn\u00ed\u017eec\u00ed, po\u0142o\u017cony na samym ko\u0144cu bocznic, w\u015br\u00f3d nieczynnych magazyn\u00f3w, za to w pobli\u017cu w\u0119z\u0142a komunikacji miejskiej. Po tym zabiegu liczba kurs\u00f3w skoczy\u0142a do 16 par dziennie. 10.11.2008<\/p>\n<\/div>\n","protected":false},"excerpt":{"rendered":"<p>Poci\u0105g 35904 relacji Praha-Sm\u00edchov severn\u00ed n\u00e1stupi\u0161t\u011b &#8211; Hostivice przemierza odcinek Praha-Sm\u00edchov &#8211; Praha-\u017dvahov. Pod stalowym prz\u0119s\u0142em przebiega tor linii kolejowej Praha-Sm\u00edchov &#8211; Rudn\u00e1 u Prahy, biegn\u0105cej dolin\u0105 Dalejskiego Potoku, kt\u00f3ry r\u00f3wnie\u017c pod widocznym mostem przep\u0142ywa. Gdyby dane mi by\u0142o kiedy\u015b powt\u00f3rzy\u0107 to uj\u0119cie, najlepiej w takim samym ciep\u0142ym \u015bwietle zachodz\u0105cego s\u0142o\u0144ca, umie\u015bci\u0142bym motoraka w samym [&hellip;]<\/p>\n","protected":false},"author":1,"featured_media":12290,"comment_status":"open","ping_status":"","sticky":false,"template":"","format":"standard","meta":{"footnotes":""},"categories":[62,2,120],"tags":[2058,92,50,49,196,45,52,2615,2618,2614],"class_list":["post-12289","post","type-post","status-publish","format-standard","has-post-thumbnail","hentry","category-analog","category-kolej","category-rok-2008","tag-2008-11-10","tag-92","tag-cd","tag-czechy","tag-linie-raczej-lokalne","tag-most","tag-praga","tag-praha-smichov","tag-praha-zvahov","tag-tab-cz122"],"_links":{"self":[{"href":"https:\/\/wgphoto.pl\/t\/index.php?rest_route=\/wp\/v2\/posts\/12289","targetHints":{"allow":["GET"]}}],"collection":[{"href":"https:\/\/wgphoto.pl\/t\/index.php?rest_route=\/wp\/v2\/posts"}],"about":[{"href":"https:\/\/wgphoto.pl\/t\/index.php?rest_route=\/wp\/v2\/types\/post"}],"author":[{"embeddable":true,"href":"https:\/\/wgphoto.pl\/t\/index.php?rest_route=\/wp\/v2\/users\/1"}],"replies":[{"embeddable":true,"href":"https:\/\/wgphoto.pl\/t\/index.php?rest_route=%2Fwp%2Fv2%2Fcomments&post=12289"}],"version-history":[{"count":1,"href":"https:\/\/wgphoto.pl\/t\/index.php?rest_route=\/wp\/v2\/posts\/12289\/revisions"}],"predecessor-version":[{"id":12291,"href":"https:\/\/wgphoto.pl\/t\/index.php?rest_route=\/wp\/v2\/posts\/12289\/revisions\/12291"}],"wp:featuredmedia":[{"embeddable":true,"href":"https:\/\/wgphoto.pl\/t\/index.php?rest_route=\/wp\/v2\/media\/12290"}],"wp:attachment":[{"href":"https:\/\/wgphoto.pl\/t\/index.php?rest_route=%2Fwp%2Fv2%2Fmedia&parent=12289"}],"wp:term":[{"taxonomy":"category","embeddable":true,"href":"https:\/\/wgphoto.pl\/t\/index.php?rest_route=%2Fwp%2Fv2%2Fcategories&post=12289"},{"taxonomy":"post_tag","embeddable":true,"href":"https:\/\/wgphoto.pl\/t\/index.php?rest_route=%2Fwp%2Fv2%2Ftags&post=12289"}],"curies":[{"name":"wp","href":"https:\/\/api.w.org\/{rel}","templated":true}]}}