{"id":1229,"date":"2024-10-02T20:11:43","date_gmt":"2024-10-02T18:11:43","guid":{"rendered":"https:\/\/wgphoto.pl\/t\/?p=1229"},"modified":"2025-06-08T13:16:42","modified_gmt":"2025-06-08T11:16:42","slug":"atramentowy-wieczor","status":"publish","type":"post","link":"https:\/\/wgphoto.pl\/t\/?p=1229","title":{"rendered":"Atramentowy wiecz\u00f3r"},"content":{"rendered":"\n<figure class=\"wp-block-image aligncenter size-full\"><img loading=\"lazy\" decoding=\"async\" width=\"1300\" height=\"851\" src=\"https:\/\/wgphoto.pl\/t\/wp-content\/uploads\/2024\/10\/2002u-33_rsn.jpg\" alt=\"\" class=\"wp-image-1230\" srcset=\"https:\/\/wgphoto.pl\/t\/wp-content\/uploads\/2024\/10\/2002u-33_rsn.jpg 1300w, https:\/\/wgphoto.pl\/t\/wp-content\/uploads\/2024\/10\/2002u-33_rsn-300x196.jpg 300w, https:\/\/wgphoto.pl\/t\/wp-content\/uploads\/2024\/10\/2002u-33_rsn-768x503.jpg 768w\" sizes=\"auto, (max-width: 1300px) 100vw, 1300px\" \/><\/figure>\n\n\n\n<div class=\"wp-block-group has-global-padding is-layout-constrained wp-block-group-is-layout-constrained\">\n<p>Lokomotywa 101.110 sko\u0144czy\u0142a bieg z poci\u0105giem EC 29 &#8222;Joseph Haydn&#8221; z Dortmundu. Wien Westbahnhof, 05.09.2002.<\/p>\n<\/div>\n","protected":false},"excerpt":{"rendered":"<p>Lokomotywa 101.110 sko\u0144czy\u0142a bieg z poci\u0105giem EC 29 &#8222;Joseph Haydn&#8221; z Dortmundu. Wien Westbahnhof, 05.09.2002.<\/p>\n","protected":false},"author":1,"featured_media":1230,"comment_status":"open","ping_status":"","sticky":false,"template":"","format":"standard","meta":{"footnotes":""},"categories":[62,2,577],"tags":[578,580,9,91,206,173,90,97,579],"class_list":["post-1229","post","type-post","status-publish","format-standard","has-post-thumbnail","hentry","category-analog","category-kolej","category-rok-2002","tag-578","tag-2002-09-05","tag-austria","tag-blue-hour","tag-db","tag-koncowki","tag-wieczorem","tag-wieden","tag-wien-westbahnhof"],"_links":{"self":[{"href":"https:\/\/wgphoto.pl\/t\/index.php?rest_route=\/wp\/v2\/posts\/1229","targetHints":{"allow":["GET"]}}],"collection":[{"href":"https:\/\/wgphoto.pl\/t\/index.php?rest_route=\/wp\/v2\/posts"}],"about":[{"href":"https:\/\/wgphoto.pl\/t\/index.php?rest_route=\/wp\/v2\/types\/post"}],"author":[{"embeddable":true,"href":"https:\/\/wgphoto.pl\/t\/index.php?rest_route=\/wp\/v2\/users\/1"}],"replies":[{"embeddable":true,"href":"https:\/\/wgphoto.pl\/t\/index.php?rest_route=%2Fwp%2Fv2%2Fcomments&post=1229"}],"version-history":[{"count":1,"href":"https:\/\/wgphoto.pl\/t\/index.php?rest_route=\/wp\/v2\/posts\/1229\/revisions"}],"predecessor-version":[{"id":1231,"href":"https:\/\/wgphoto.pl\/t\/index.php?rest_route=\/wp\/v2\/posts\/1229\/revisions\/1231"}],"wp:featuredmedia":[{"embeddable":true,"href":"https:\/\/wgphoto.pl\/t\/index.php?rest_route=\/wp\/v2\/media\/1230"}],"wp:attachment":[{"href":"https:\/\/wgphoto.pl\/t\/index.php?rest_route=%2Fwp%2Fv2%2Fmedia&parent=1229"}],"wp:term":[{"taxonomy":"category","embeddable":true,"href":"https:\/\/wgphoto.pl\/t\/index.php?rest_route=%2Fwp%2Fv2%2Fcategories&post=1229"},{"taxonomy":"post_tag","embeddable":true,"href":"https:\/\/wgphoto.pl\/t\/index.php?rest_route=%2Fwp%2Fv2%2Ftags&post=1229"}],"curies":[{"name":"wp","href":"https:\/\/api.w.org\/{rel}","templated":true}]}}