{"id":12298,"date":"2025-02-14T22:04:24","date_gmt":"2025-02-14T21:04:24","guid":{"rendered":"https:\/\/wgphoto.pl\/t\/?p=12298"},"modified":"2025-02-14T22:04:24","modified_gmt":"2025-02-14T21:04:24","slug":"bohuslavice-nad-metuji","status":"publish","type":"post","link":"https:\/\/wgphoto.pl\/t\/?p=12298","title":{"rendered":"Bohuslavice nad Metuj\u00ed"},"content":{"rendered":"\n<figure class=\"wp-block-image aligncenter size-full\"><img loading=\"lazy\" decoding=\"async\" width=\"600\" height=\"850\" src=\"https:\/\/wgphoto.pl\/t\/wp-content\/uploads\/2025\/02\/0810-23.jpg\" alt=\"\" class=\"wp-image-12299\" srcset=\"https:\/\/wgphoto.pl\/t\/wp-content\/uploads\/2025\/02\/0810-23.jpg 600w, https:\/\/wgphoto.pl\/t\/wp-content\/uploads\/2025\/02\/0810-23-212x300.jpg 212w\" sizes=\"auto, (max-width: 600px) 100vw, 600px\" \/><\/figure>\n\n\n\n<div class=\"wp-block-group has-global-padding is-layout-constrained wp-block-group-is-layout-constrained\">\n<p>751 137-1 i 751 176-9 mijaj\u0105 na biegu stacj\u0119 z samochodowym bruttem, jad\u0105cym najpewniej przez Mezim\u011bst\u00ed do Polski. 13.08.2008<\/p>\n<\/div>\n","protected":false},"excerpt":{"rendered":"<p>751 137-1 i 751 176-9 mijaj\u0105 na biegu stacj\u0119 z samochodowym bruttem, jad\u0105cym najpewniej przez Mezim\u011bst\u00ed do Polski. 13.08.2008<\/p>\n","protected":false},"author":1,"featured_media":12299,"comment_status":"open","ping_status":"","sticky":false,"template":"","format":"standard","meta":{"footnotes":""},"categories":[62,2,128,120],"tags":[197,164,1991,50,49,230,53,1720],"class_list":["post-12298","post","type-post","status-publish","format-standard","has-post-thumbnail","hentry","category-analog","category-kolej","category-pionowe","category-rok-2008","tag-2008-08-13","tag-164","tag-bohuslavice-nad-metuji","tag-cd","tag-czechy","tag-infrastruktura","tag-sygnalizacja-ksztaltowa","tag-tab-cz026"],"_links":{"self":[{"href":"https:\/\/wgphoto.pl\/t\/index.php?rest_route=\/wp\/v2\/posts\/12298","targetHints":{"allow":["GET"]}}],"collection":[{"href":"https:\/\/wgphoto.pl\/t\/index.php?rest_route=\/wp\/v2\/posts"}],"about":[{"href":"https:\/\/wgphoto.pl\/t\/index.php?rest_route=\/wp\/v2\/types\/post"}],"author":[{"embeddable":true,"href":"https:\/\/wgphoto.pl\/t\/index.php?rest_route=\/wp\/v2\/users\/1"}],"replies":[{"embeddable":true,"href":"https:\/\/wgphoto.pl\/t\/index.php?rest_route=%2Fwp%2Fv2%2Fcomments&post=12298"}],"version-history":[{"count":1,"href":"https:\/\/wgphoto.pl\/t\/index.php?rest_route=\/wp\/v2\/posts\/12298\/revisions"}],"predecessor-version":[{"id":12300,"href":"https:\/\/wgphoto.pl\/t\/index.php?rest_route=\/wp\/v2\/posts\/12298\/revisions\/12300"}],"wp:featuredmedia":[{"embeddable":true,"href":"https:\/\/wgphoto.pl\/t\/index.php?rest_route=\/wp\/v2\/media\/12299"}],"wp:attachment":[{"href":"https:\/\/wgphoto.pl\/t\/index.php?rest_route=%2Fwp%2Fv2%2Fmedia&parent=12298"}],"wp:term":[{"taxonomy":"category","embeddable":true,"href":"https:\/\/wgphoto.pl\/t\/index.php?rest_route=%2Fwp%2Fv2%2Fcategories&post=12298"},{"taxonomy":"post_tag","embeddable":true,"href":"https:\/\/wgphoto.pl\/t\/index.php?rest_route=%2Fwp%2Fv2%2Ftags&post=12298"}],"curies":[{"name":"wp","href":"https:\/\/api.w.org\/{rel}","templated":true}]}}