{"id":12307,"date":"2025-02-14T22:07:51","date_gmt":"2025-02-14T21:07:51","guid":{"rendered":"https:\/\/wgphoto.pl\/t\/?p=12307"},"modified":"2025-02-14T22:07:51","modified_gmt":"2025-02-14T21:07:51","slug":"podwojny-wiadukt-3","status":"publish","type":"post","link":"https:\/\/wgphoto.pl\/t\/?p=12307","title":{"rendered":"Podw\u00f3jny wiadukt"},"content":{"rendered":"\n<figure class=\"wp-block-image aligncenter size-full\"><img loading=\"lazy\" decoding=\"async\" width=\"1200\" height=\"803\" src=\"https:\/\/wgphoto.pl\/t\/wp-content\/uploads\/2025\/02\/imgp8672-12.jpg\" alt=\"\" class=\"wp-image-12308\" srcset=\"https:\/\/wgphoto.pl\/t\/wp-content\/uploads\/2025\/02\/imgp8672-12.jpg 1200w, https:\/\/wgphoto.pl\/t\/wp-content\/uploads\/2025\/02\/imgp8672-12-300x201.jpg 300w, https:\/\/wgphoto.pl\/t\/wp-content\/uploads\/2025\/02\/imgp8672-12-768x514.jpg 768w\" sizes=\"auto, (max-width: 1200px) 100vw, 1200px\" \/><\/figure>\n\n\n\n<div class=\"wp-block-group has-global-padding is-layout-constrained wp-block-group-is-layout-constrained\">\n<p>810 448-1 jako poc. 15414 rel. Jarom\u011b\u0159 &#8211; Trutnov hl.n. w strugach ulewnego deszczu mija wiadukt nad lini\u0105 kolejow\u0105 do Teplic nad Metuj\u00ed w Trutnov\u011b Po\u0159\u00ed\u010d\u00ed. Kurs ten planowo jest obs\u0142ugiwany wagonem motorowym serii 854. Kr\u00f3tki motorak chyba jednak lepiej pasuje do tego kadru. 2012-06-10<\/p>\n<\/div>\n","protected":false},"excerpt":{"rendered":"<p>810 448-1 jako poc. 15414 rel. Jarom\u011b\u0159 &#8211; Trutnov hl.n. w strugach ulewnego deszczu mija wiadukt nad lini\u0105 kolejow\u0105 do Teplic nad Metuj\u00ed w Trutnov\u011b Po\u0159\u00ed\u010d\u00ed. Kurs ten planowo jest obs\u0142ugiwany wagonem motorowym serii 854. Kr\u00f3tki motorak chyba jednak lepiej pasuje do tego kadru. 2012-06-10<\/p>\n","protected":false},"author":1,"featured_media":12308,"comment_status":"open","ping_status":"","sticky":false,"template":"","format":"standard","meta":{"footnotes":""},"categories":[2,46],"tags":[1821,92,50,49,13,45,1917,1918],"class_list":["post-12307","post","type-post","status-publish","format-standard","has-post-thumbnail","hentry","category-kolej","category-rok-2012","tag-2012-06-10","tag-92","tag-cd","tag-czechy","tag-deszcz","tag-most","tag-tab-cz032","tag-trutnov-porici"],"_links":{"self":[{"href":"https:\/\/wgphoto.pl\/t\/index.php?rest_route=\/wp\/v2\/posts\/12307","targetHints":{"allow":["GET"]}}],"collection":[{"href":"https:\/\/wgphoto.pl\/t\/index.php?rest_route=\/wp\/v2\/posts"}],"about":[{"href":"https:\/\/wgphoto.pl\/t\/index.php?rest_route=\/wp\/v2\/types\/post"}],"author":[{"embeddable":true,"href":"https:\/\/wgphoto.pl\/t\/index.php?rest_route=\/wp\/v2\/users\/1"}],"replies":[{"embeddable":true,"href":"https:\/\/wgphoto.pl\/t\/index.php?rest_route=%2Fwp%2Fv2%2Fcomments&post=12307"}],"version-history":[{"count":1,"href":"https:\/\/wgphoto.pl\/t\/index.php?rest_route=\/wp\/v2\/posts\/12307\/revisions"}],"predecessor-version":[{"id":12309,"href":"https:\/\/wgphoto.pl\/t\/index.php?rest_route=\/wp\/v2\/posts\/12307\/revisions\/12309"}],"wp:featuredmedia":[{"embeddable":true,"href":"https:\/\/wgphoto.pl\/t\/index.php?rest_route=\/wp\/v2\/media\/12308"}],"wp:attachment":[{"href":"https:\/\/wgphoto.pl\/t\/index.php?rest_route=%2Fwp%2Fv2%2Fmedia&parent=12307"}],"wp:term":[{"taxonomy":"category","embeddable":true,"href":"https:\/\/wgphoto.pl\/t\/index.php?rest_route=%2Fwp%2Fv2%2Fcategories&post=12307"},{"taxonomy":"post_tag","embeddable":true,"href":"https:\/\/wgphoto.pl\/t\/index.php?rest_route=%2Fwp%2Fv2%2Ftags&post=12307"}],"curies":[{"name":"wp","href":"https:\/\/api.w.org\/{rel}","templated":true}]}}