{"id":12313,"date":"2025-02-14T22:12:11","date_gmt":"2025-02-14T21:12:11","guid":{"rendered":"https:\/\/wgphoto.pl\/t\/?p=12313"},"modified":"2025-02-14T22:12:11","modified_gmt":"2025-02-14T21:12:11","slug":"dawno-temu-w-trawie","status":"publish","type":"post","link":"https:\/\/wgphoto.pl\/t\/?p=12313","title":{"rendered":"Dawno temu w trawie"},"content":{"rendered":"\n<figure class=\"wp-block-image aligncenter size-full\"><img loading=\"lazy\" decoding=\"async\" width=\"1200\" height=\"803\" src=\"https:\/\/wgphoto.pl\/t\/wp-content\/uploads\/2025\/02\/IMGP4710.jpg\" alt=\"\" class=\"wp-image-12314\" srcset=\"https:\/\/wgphoto.pl\/t\/wp-content\/uploads\/2025\/02\/IMGP4710.jpg 1200w, https:\/\/wgphoto.pl\/t\/wp-content\/uploads\/2025\/02\/IMGP4710-300x201.jpg 300w, https:\/\/wgphoto.pl\/t\/wp-content\/uploads\/2025\/02\/IMGP4710-768x514.jpg 768w\" sizes=\"auto, (max-width: 1200px) 100vw, 1200px\" \/><\/figure>\n\n\n\n<div class=\"wp-block-group has-global-padding is-layout-constrained wp-block-group-is-layout-constrained\">\n<p>Co\u015b mi si\u0119 nie zgadza ten obrazek z rozk\u0142adem jazdy, ale mo\u017cliwe \u017ce na dalszym odcinku do Tarnobrzegu by\u0142 KKZ. SA103-002 zaraz odjedzie do Rzeszowa, sk\u0105d przed chwil\u0105 przyby\u0142 sk\u0142ad wagonowy. A to wszystko dzieje si\u0119 na stacji D\u0119ba Rozalin, po\u0142o\u017conej po\u015brodku niczego, gdzie gdyby nie obs\u0142uga poci\u0105gu i focista, na zaro\u015bni\u0119tym peronie (za to z nowymi latarniami) \u017cywej duszy by nie by\u0142o. 20.07.2010<\/p>\n<\/div>\n","protected":false},"excerpt":{"rendered":"<p>Co\u015b mi si\u0119 nie zgadza ten obrazek z rozk\u0142adem jazdy, ale mo\u017cliwe \u017ce na dalszym odcinku do Tarnobrzegu by\u0142 KKZ. SA103-002 zaraz odjedzie do Rzeszowa, sk\u0105d przed chwil\u0105 przyby\u0142 sk\u0142ad wagonowy. A to wszystko dzieje si\u0119 na stacji D\u0119ba Rozalin, po\u0142o\u017conej po\u015brodku niczego, gdzie gdyby nie obs\u0142uga poci\u0105gu i focista, na zaro\u015bni\u0119tym peronie (za to [&hellip;]<\/p>\n","protected":false},"author":1,"featured_media":12314,"comment_status":"open","ping_status":"","sticky":false,"template":"","format":"standard","meta":{"footnotes":""},"categories":[2,86],"tags":[2655,3200,63,341,27,1643],"class_list":["post-12313","post","type-post","status-publish","format-standard","has-post-thumbnail","hentry","category-kolej","category-rok-2010","tag-2010-07-20","tag-deba-rozalin","tag-pkp","tag-podkarpacie-2010","tag-polska","tag-sa103"],"_links":{"self":[{"href":"https:\/\/wgphoto.pl\/t\/index.php?rest_route=\/wp\/v2\/posts\/12313","targetHints":{"allow":["GET"]}}],"collection":[{"href":"https:\/\/wgphoto.pl\/t\/index.php?rest_route=\/wp\/v2\/posts"}],"about":[{"href":"https:\/\/wgphoto.pl\/t\/index.php?rest_route=\/wp\/v2\/types\/post"}],"author":[{"embeddable":true,"href":"https:\/\/wgphoto.pl\/t\/index.php?rest_route=\/wp\/v2\/users\/1"}],"replies":[{"embeddable":true,"href":"https:\/\/wgphoto.pl\/t\/index.php?rest_route=%2Fwp%2Fv2%2Fcomments&post=12313"}],"version-history":[{"count":1,"href":"https:\/\/wgphoto.pl\/t\/index.php?rest_route=\/wp\/v2\/posts\/12313\/revisions"}],"predecessor-version":[{"id":12315,"href":"https:\/\/wgphoto.pl\/t\/index.php?rest_route=\/wp\/v2\/posts\/12313\/revisions\/12315"}],"wp:featuredmedia":[{"embeddable":true,"href":"https:\/\/wgphoto.pl\/t\/index.php?rest_route=\/wp\/v2\/media\/12314"}],"wp:attachment":[{"href":"https:\/\/wgphoto.pl\/t\/index.php?rest_route=%2Fwp%2Fv2%2Fmedia&parent=12313"}],"wp:term":[{"taxonomy":"category","embeddable":true,"href":"https:\/\/wgphoto.pl\/t\/index.php?rest_route=%2Fwp%2Fv2%2Fcategories&post=12313"},{"taxonomy":"post_tag","embeddable":true,"href":"https:\/\/wgphoto.pl\/t\/index.php?rest_route=%2Fwp%2Fv2%2Ftags&post=12313"}],"curies":[{"name":"wp","href":"https:\/\/api.w.org\/{rel}","templated":true}]}}