{"id":12319,"date":"2025-02-14T22:14:37","date_gmt":"2025-02-14T21:14:37","guid":{"rendered":"https:\/\/wgphoto.pl\/t\/?p=12319"},"modified":"2025-02-14T22:14:37","modified_gmt":"2025-02-14T21:14:37","slug":"waskie-gardlo","status":"publish","type":"post","link":"https:\/\/wgphoto.pl\/t\/?p=12319","title":{"rendered":"W\u0105skie gard\u0142o"},"content":{"rendered":"\n<figure class=\"wp-block-image aligncenter size-full\"><img loading=\"lazy\" decoding=\"async\" width=\"1050\" height=\"788\" src=\"https:\/\/wgphoto.pl\/t\/wp-content\/uploads\/2025\/02\/dscf7938.jpg\" alt=\"\" class=\"wp-image-12320\" srcset=\"https:\/\/wgphoto.pl\/t\/wp-content\/uploads\/2025\/02\/dscf7938.jpg 1050w, https:\/\/wgphoto.pl\/t\/wp-content\/uploads\/2025\/02\/dscf7938-300x225.jpg 300w, https:\/\/wgphoto.pl\/t\/wp-content\/uploads\/2025\/02\/dscf7938-768x576.jpg 768w\" sizes=\"auto, (max-width: 1050px) 100vw, 1050px\" \/><\/figure>\n\n\n\n<div class=\"wp-block-group has-global-padding is-layout-constrained wp-block-group-is-layout-constrained\">\n<p>Praga, ul. Letensk\u00e1. T3SUCS 7080+7084 wje\u017cd\u017ca na splot. W niejednym mie\u015bcie zlikwidowano by tak\u0105 tras\u0119 pod pozorem braku miejsca dla zawalidrogi na szynach, tymczasem w Pradze poprowadzono t\u0119dy trasy trzech linii (wg stanu na dzie\u0144 wykonania zdj\u0119cia), z kt\u00f3rych jedna &#8211; w\u0142a\u015bnie 22 &#8211; jest lini\u0105 &#8222;\u015brednicow\u0105&#8221; i kursuje w dni robocze z cz\u0119stotliwo\u015bci\u0105 4-5 minut, zatem tramwaj w tym miejscu pojawia si\u0119 dos\u0142ownie co chwila. 2008-11-11<\/p>\n<\/div>\n","protected":false},"excerpt":{"rendered":"<p>Praga, ul. Letensk\u00e1. T3SUCS 7080+7084 wje\u017cd\u017ca na splot. W niejednym mie\u015bcie zlikwidowano by tak\u0105 tras\u0119 pod pozorem braku miejsca dla zawalidrogi na szynach, tymczasem w Pradze poprowadzono t\u0119dy trasy trzech linii (wg stanu na dzie\u0144 wykonania zdj\u0119cia), z kt\u00f3rych jedna &#8211; w\u0142a\u015bnie 22 &#8211; jest lini\u0105 &#8222;\u015brednicow\u0105&#8221; i kursuje w dni robocze z cz\u0119stotliwo\u015bci\u0105 4-5 [&hellip;]<\/p>\n","protected":false},"author":1,"featured_media":12320,"comment_status":"open","ping_status":"","sticky":false,"template":"","format":"standard","meta":{"footnotes":""},"categories":[120,3],"tags":[2057,49,1049,52,905,1333,1011],"class_list":["post-12319","post","type-post","status-publish","format-standard","has-post-thumbnail","hentry","category-rok-2008","category-tramwaj","tag-2008-11-11","tag-czechy","tag-dp-praha","tag-praga","tag-przez","tag-splot","tag-tatra-t3"],"_links":{"self":[{"href":"https:\/\/wgphoto.pl\/t\/index.php?rest_route=\/wp\/v2\/posts\/12319","targetHints":{"allow":["GET"]}}],"collection":[{"href":"https:\/\/wgphoto.pl\/t\/index.php?rest_route=\/wp\/v2\/posts"}],"about":[{"href":"https:\/\/wgphoto.pl\/t\/index.php?rest_route=\/wp\/v2\/types\/post"}],"author":[{"embeddable":true,"href":"https:\/\/wgphoto.pl\/t\/index.php?rest_route=\/wp\/v2\/users\/1"}],"replies":[{"embeddable":true,"href":"https:\/\/wgphoto.pl\/t\/index.php?rest_route=%2Fwp%2Fv2%2Fcomments&post=12319"}],"version-history":[{"count":1,"href":"https:\/\/wgphoto.pl\/t\/index.php?rest_route=\/wp\/v2\/posts\/12319\/revisions"}],"predecessor-version":[{"id":12321,"href":"https:\/\/wgphoto.pl\/t\/index.php?rest_route=\/wp\/v2\/posts\/12319\/revisions\/12321"}],"wp:featuredmedia":[{"embeddable":true,"href":"https:\/\/wgphoto.pl\/t\/index.php?rest_route=\/wp\/v2\/media\/12320"}],"wp:attachment":[{"href":"https:\/\/wgphoto.pl\/t\/index.php?rest_route=%2Fwp%2Fv2%2Fmedia&parent=12319"}],"wp:term":[{"taxonomy":"category","embeddable":true,"href":"https:\/\/wgphoto.pl\/t\/index.php?rest_route=%2Fwp%2Fv2%2Fcategories&post=12319"},{"taxonomy":"post_tag","embeddable":true,"href":"https:\/\/wgphoto.pl\/t\/index.php?rest_route=%2Fwp%2Fv2%2Ftags&post=12319"}],"curies":[{"name":"wp","href":"https:\/\/api.w.org\/{rel}","templated":true}]}}