{"id":1232,"date":"2024-10-02T20:15:33","date_gmt":"2024-10-02T18:15:33","guid":{"rendered":"https:\/\/wgphoto.pl\/t\/?p=1232"},"modified":"2024-10-02T20:15:33","modified_gmt":"2024-10-02T18:15:33","slug":"wyjatkowo-dobry-kadr","status":"publish","type":"post","link":"https:\/\/wgphoto.pl\/t\/?p=1232","title":{"rendered":"Wyj\u0105tkowo dobry kadr"},"content":{"rendered":"\n<figure class=\"wp-block-image aligncenter size-full\"><img loading=\"lazy\" decoding=\"async\" width=\"1300\" height=\"846\" src=\"https:\/\/wgphoto.pl\/t\/wp-content\/uploads\/2024\/10\/2002u-26_rsn.jpg\" alt=\"\" class=\"wp-image-1233\" srcset=\"https:\/\/wgphoto.pl\/t\/wp-content\/uploads\/2024\/10\/2002u-26_rsn.jpg 1300w, https:\/\/wgphoto.pl\/t\/wp-content\/uploads\/2024\/10\/2002u-26_rsn-300x195.jpg 300w, https:\/\/wgphoto.pl\/t\/wp-content\/uploads\/2024\/10\/2002u-26_rsn-768x500.jpg 768w\" sizes=\"auto, (max-width: 1300px) 100vw, 1300px\" \/><\/figure>\n\n\n\n<div class=\"wp-block-group has-global-padding is-layout-constrained wp-block-group-is-layout-constrained\">\n<p>Wiede\u0144, Schwarzenbergplatz. Sk\u0142ad E<sub>2<\/sub>+c<sub>5<\/sub> 4320+1509 zatrzymuje si\u0119 na przystanku obok pomnika Karla Schwarzenberga, XIX-wiecznego feldmarsza\u0142ka austriackiego, co najwidoczniej postanowi\u0142em \u015bwiadomie pokaza\u0107 ju\u017c na etapie kadrowania, skoro niczego tutaj nie uci\u0105\u0142em. \ud83d\ude09 [05.09.2002]<\/p>\n<\/div>\n","protected":false},"excerpt":{"rendered":"<p>Wiede\u0144, Schwarzenbergplatz. Sk\u0142ad E2+c5 4320+1509 zatrzymuje si\u0119 na przystanku obok pomnika Karla Schwarzenberga, XIX-wiecznego feldmarsza\u0142ka austriackiego, co najwidoczniej postanowi\u0142em \u015bwiadomie pokaza\u0107 ju\u017c na etapie kadrowania, skoro niczego tutaj nie uci\u0105\u0142em. \ud83d\ude09 [05.09.2002]<\/p>\n","protected":false},"author":1,"featured_media":1233,"comment_status":"open","ping_status":"","sticky":false,"template":"","format":"standard","meta":{"footnotes":""},"categories":[62,577,3],"tags":[580,34,9,581,101,97,98],"class_list":["post-1232","post","type-post","status-publish","format-standard","has-post-thumbnail","hentry","category-analog","category-rok-2002","category-tramwaj","tag-2002-09-05","tag-architektura","tag-austria","tag-e2","tag-gt6","tag-wieden","tag-wiener-linien"],"_links":{"self":[{"href":"https:\/\/wgphoto.pl\/t\/index.php?rest_route=\/wp\/v2\/posts\/1232","targetHints":{"allow":["GET"]}}],"collection":[{"href":"https:\/\/wgphoto.pl\/t\/index.php?rest_route=\/wp\/v2\/posts"}],"about":[{"href":"https:\/\/wgphoto.pl\/t\/index.php?rest_route=\/wp\/v2\/types\/post"}],"author":[{"embeddable":true,"href":"https:\/\/wgphoto.pl\/t\/index.php?rest_route=\/wp\/v2\/users\/1"}],"replies":[{"embeddable":true,"href":"https:\/\/wgphoto.pl\/t\/index.php?rest_route=%2Fwp%2Fv2%2Fcomments&post=1232"}],"version-history":[{"count":1,"href":"https:\/\/wgphoto.pl\/t\/index.php?rest_route=\/wp\/v2\/posts\/1232\/revisions"}],"predecessor-version":[{"id":1234,"href":"https:\/\/wgphoto.pl\/t\/index.php?rest_route=\/wp\/v2\/posts\/1232\/revisions\/1234"}],"wp:featuredmedia":[{"embeddable":true,"href":"https:\/\/wgphoto.pl\/t\/index.php?rest_route=\/wp\/v2\/media\/1233"}],"wp:attachment":[{"href":"https:\/\/wgphoto.pl\/t\/index.php?rest_route=%2Fwp%2Fv2%2Fmedia&parent=1232"}],"wp:term":[{"taxonomy":"category","embeddable":true,"href":"https:\/\/wgphoto.pl\/t\/index.php?rest_route=%2Fwp%2Fv2%2Fcategories&post=1232"},{"taxonomy":"post_tag","embeddable":true,"href":"https:\/\/wgphoto.pl\/t\/index.php?rest_route=%2Fwp%2Fv2%2Ftags&post=1232"}],"curies":[{"name":"wp","href":"https:\/\/api.w.org\/{rel}","templated":true}]}}