{"id":12322,"date":"2025-02-14T22:17:15","date_gmt":"2025-02-14T21:17:15","guid":{"rendered":"https:\/\/wgphoto.pl\/t\/?p=12322"},"modified":"2025-02-14T22:17:15","modified_gmt":"2025-02-14T21:17:15","slug":"zdrapka","status":"publish","type":"post","link":"https:\/\/wgphoto.pl\/t\/?p=12322","title":{"rendered":"Zdrapka"},"content":{"rendered":"\n<figure class=\"wp-block-image aligncenter size-full\"><img loading=\"lazy\" decoding=\"async\" width=\"1200\" height=\"803\" src=\"https:\/\/wgphoto.pl\/t\/wp-content\/uploads\/2025\/02\/IMGP7803.jpg\" alt=\"\" class=\"wp-image-12323\" srcset=\"https:\/\/wgphoto.pl\/t\/wp-content\/uploads\/2025\/02\/IMGP7803.jpg 1200w, https:\/\/wgphoto.pl\/t\/wp-content\/uploads\/2025\/02\/IMGP7803-300x201.jpg 300w, https:\/\/wgphoto.pl\/t\/wp-content\/uploads\/2025\/02\/IMGP7803-768x514.jpg 768w\" sizes=\"auto, (max-width: 1200px) 100vw, 1200px\" \/><\/figure>\n\n\n\n<div class=\"wp-block-group has-global-padding is-layout-constrained wp-block-group-is-layout-constrained\">\n<p>Na lini\u0119 Nezamyslice &#8211; Olomouc wybra\u0142em si\u0119 w poszukiwaniu bliskich si\u00f3str polskiej serii EU05. Strza\u0142 by\u0142 celny &#8211; &#8222;mojego&#8221; osobaka nr 3829 z Nezamyslic do O\u0142omu\u0144ca poprowadzi\u0142a lekko sfatygowana maszyna 141 009-1, kt\u00f3r\u0105 mo\u017cecie podziwia\u0107 w niezbyt porywaj\u0105cym kadrze podczas wieczornego krzy\u017cowania z poci\u0105giem relacji przeciwnej na stacji Prost\u011bjov hlavn\u00ed n\u00e1dra\u017e\u00ed. Uwa\u017cny obserwator dostrze\u017ce maszynist\u0119, kt\u00f3ry uda\u0142 si\u0119 za potrzeb\u0105 pod w\u0119glark\u0119, ale wiedzia\u0142 gdzie stan\u0105\u0107 \u017ceby prawie znikn\u0105\u0107. \ud83d\ude09 22.07.2009<\/p>\n<\/div>\n","protected":false},"excerpt":{"rendered":"<p>Na lini\u0119 Nezamyslice &#8211; Olomouc wybra\u0142em si\u0119 w poszukiwaniu bliskich si\u00f3str polskiej serii EU05. Strza\u0142 by\u0142 celny &#8211; &#8222;mojego&#8221; osobaka nr 3829 z Nezamyslic do O\u0142omu\u0144ca poprowadzi\u0142a lekko sfatygowana maszyna 141 009-1, kt\u00f3r\u0105 mo\u017cecie podziwia\u0107 w niezbyt porywaj\u0105cym kadrze podczas wieczornego krzy\u017cowania z poci\u0105giem relacji przeciwnej na stacji Prost\u011bjov hlavn\u00ed n\u00e1dra\u017e\u00ed. Uwa\u017cny obserwator dostrze\u017ce maszynist\u0119, [&hellip;]<\/p>\n","protected":false},"author":1,"featured_media":12323,"comment_status":"open","ping_status":"","sticky":false,"template":"","format":"standard","meta":{"footnotes":""},"categories":[2,169],"tags":[2444,340,50,49,154,3201,3202],"class_list":["post-12322","post","type-post","status-publish","format-standard","has-post-thumbnail","hentry","category-kolej","category-rok-2009","tag-2444","tag-2009-07-22","tag-cd","tag-czechy","tag-noc","tag-prostejov-hlavni-nadrazi","tag-tab-cz301"],"_links":{"self":[{"href":"https:\/\/wgphoto.pl\/t\/index.php?rest_route=\/wp\/v2\/posts\/12322","targetHints":{"allow":["GET"]}}],"collection":[{"href":"https:\/\/wgphoto.pl\/t\/index.php?rest_route=\/wp\/v2\/posts"}],"about":[{"href":"https:\/\/wgphoto.pl\/t\/index.php?rest_route=\/wp\/v2\/types\/post"}],"author":[{"embeddable":true,"href":"https:\/\/wgphoto.pl\/t\/index.php?rest_route=\/wp\/v2\/users\/1"}],"replies":[{"embeddable":true,"href":"https:\/\/wgphoto.pl\/t\/index.php?rest_route=%2Fwp%2Fv2%2Fcomments&post=12322"}],"version-history":[{"count":1,"href":"https:\/\/wgphoto.pl\/t\/index.php?rest_route=\/wp\/v2\/posts\/12322\/revisions"}],"predecessor-version":[{"id":12324,"href":"https:\/\/wgphoto.pl\/t\/index.php?rest_route=\/wp\/v2\/posts\/12322\/revisions\/12324"}],"wp:featuredmedia":[{"embeddable":true,"href":"https:\/\/wgphoto.pl\/t\/index.php?rest_route=\/wp\/v2\/media\/12323"}],"wp:attachment":[{"href":"https:\/\/wgphoto.pl\/t\/index.php?rest_route=%2Fwp%2Fv2%2Fmedia&parent=12322"}],"wp:term":[{"taxonomy":"category","embeddable":true,"href":"https:\/\/wgphoto.pl\/t\/index.php?rest_route=%2Fwp%2Fv2%2Fcategories&post=12322"},{"taxonomy":"post_tag","embeddable":true,"href":"https:\/\/wgphoto.pl\/t\/index.php?rest_route=%2Fwp%2Fv2%2Ftags&post=12322"}],"curies":[{"name":"wp","href":"https:\/\/api.w.org\/{rel}","templated":true}]}}