{"id":12331,"date":"2025-02-15T12:08:41","date_gmt":"2025-02-15T11:08:41","guid":{"rendered":"https:\/\/wgphoto.pl\/t\/?p=12331"},"modified":"2025-02-15T12:08:41","modified_gmt":"2025-02-15T11:08:41","slug":"nocny-portret-klasycznych-taterek","status":"publish","type":"post","link":"https:\/\/wgphoto.pl\/t\/?p=12331","title":{"rendered":"Nocny portret klasycznych Taterek"},"content":{"rendered":"\n<figure class=\"wp-block-image aligncenter size-full\"><img loading=\"lazy\" decoding=\"async\" width=\"1400\" height=\"899\" src=\"https:\/\/wgphoto.pl\/t\/wp-content\/uploads\/2025\/02\/0902-02.jpg\" alt=\"\" class=\"wp-image-12332\" srcset=\"https:\/\/wgphoto.pl\/t\/wp-content\/uploads\/2025\/02\/0902-02.jpg 1400w, https:\/\/wgphoto.pl\/t\/wp-content\/uploads\/2025\/02\/0902-02-300x193.jpg 300w, https:\/\/wgphoto.pl\/t\/wp-content\/uploads\/2025\/02\/0902-02-768x493.jpg 768w\" sizes=\"auto, (max-width: 1400px) 100vw, 1400px\" \/><\/figure>\n\n\n\n<div class=\"wp-block-group has-global-padding is-layout-constrained wp-block-group-is-layout-constrained\">\n<p>Praga, p\u0119tla B\u00edl\u00e1 hora, sk\u0142ad T3SUCS 7042+7043. Pierwszy wagon w 2012 roku trafi\u0142 do Charkowa, gdzie kursowa\u0142 przez kolejne 6 lat, za\u015b doczep\u0119 odstawiono ju\u017c rok po wykonaniu zdj\u0119cia i nast\u0119pnie trafi\u0142a jako &#8222;pomnik&#8221; na prywatnym terenie przy ul. Mladoboleslavskej, po przeciwleg\u0142ej stronie Pragi. 15.02.2009<\/p>\n<\/div>\n","protected":false},"excerpt":{"rendered":"<p>Praga, p\u0119tla B\u00edl\u00e1 hora, sk\u0142ad T3SUCS 7042+7043. Pierwszy wagon w 2012 roku trafi\u0142 do Charkowa, gdzie kursowa\u0142 przez kolejne 6 lat, za\u015b doczep\u0119 odstawiono ju\u017c rok po wykonaniu zdj\u0119cia i nast\u0119pnie trafi\u0142a jako &#8222;pomnik&#8221; na prywatnym terenie przy ul. Mladoboleslavskej, po przeciwleg\u0142ej stronie Pragi. 15.02.2009<\/p>\n","protected":false},"author":1,"featured_media":12332,"comment_status":"open","ping_status":"","sticky":false,"template":"","format":"standard","meta":{"footnotes":""},"categories":[62,169,3],"tags":[1379,49,1049,154,438,52,1011],"class_list":["post-12331","post","type-post","status-publish","format-standard","has-post-thumbnail","hentry","category-analog","category-rok-2009","category-tramwaj","tag-2009-02-15","tag-czechy","tag-dp-praha","tag-noc","tag-portret-z-petli","tag-praga","tag-tatra-t3"],"_links":{"self":[{"href":"https:\/\/wgphoto.pl\/t\/index.php?rest_route=\/wp\/v2\/posts\/12331","targetHints":{"allow":["GET"]}}],"collection":[{"href":"https:\/\/wgphoto.pl\/t\/index.php?rest_route=\/wp\/v2\/posts"}],"about":[{"href":"https:\/\/wgphoto.pl\/t\/index.php?rest_route=\/wp\/v2\/types\/post"}],"author":[{"embeddable":true,"href":"https:\/\/wgphoto.pl\/t\/index.php?rest_route=\/wp\/v2\/users\/1"}],"replies":[{"embeddable":true,"href":"https:\/\/wgphoto.pl\/t\/index.php?rest_route=%2Fwp%2Fv2%2Fcomments&post=12331"}],"version-history":[{"count":1,"href":"https:\/\/wgphoto.pl\/t\/index.php?rest_route=\/wp\/v2\/posts\/12331\/revisions"}],"predecessor-version":[{"id":12333,"href":"https:\/\/wgphoto.pl\/t\/index.php?rest_route=\/wp\/v2\/posts\/12331\/revisions\/12333"}],"wp:featuredmedia":[{"embeddable":true,"href":"https:\/\/wgphoto.pl\/t\/index.php?rest_route=\/wp\/v2\/media\/12332"}],"wp:attachment":[{"href":"https:\/\/wgphoto.pl\/t\/index.php?rest_route=%2Fwp%2Fv2%2Fmedia&parent=12331"}],"wp:term":[{"taxonomy":"category","embeddable":true,"href":"https:\/\/wgphoto.pl\/t\/index.php?rest_route=%2Fwp%2Fv2%2Fcategories&post=12331"},{"taxonomy":"post_tag","embeddable":true,"href":"https:\/\/wgphoto.pl\/t\/index.php?rest_route=%2Fwp%2Fv2%2Ftags&post=12331"}],"curies":[{"name":"wp","href":"https:\/\/api.w.org\/{rel}","templated":true}]}}