{"id":12342,"date":"2025-02-16T13:54:11","date_gmt":"2025-02-16T12:54:11","guid":{"rendered":"https:\/\/wgphoto.pl\/t\/?p=12342"},"modified":"2025-02-16T13:54:11","modified_gmt":"2025-02-16T12:54:11","slug":"99582-besancon-viotte","status":"publish","type":"post","link":"https:\/\/wgphoto.pl\/t\/?p=12342","title":{"rendered":"99582, Besan\u00e7on Viotte"},"content":{"rendered":"\n<figure class=\"wp-block-image aligncenter size-full\"><img loading=\"lazy\" decoding=\"async\" width=\"1400\" height=\"927\" src=\"https:\/\/wgphoto.pl\/t\/wp-content\/uploads\/2025\/02\/IMGP7400.jpg\" alt=\"\" class=\"wp-image-12343\" srcset=\"https:\/\/wgphoto.pl\/t\/wp-content\/uploads\/2025\/02\/IMGP7400.jpg 1400w, https:\/\/wgphoto.pl\/t\/wp-content\/uploads\/2025\/02\/IMGP7400-300x199.jpg 300w, https:\/\/wgphoto.pl\/t\/wp-content\/uploads\/2025\/02\/IMGP7400-768x509.jpg 768w\" sizes=\"auto, (max-width: 1400px) 100vw, 1400px\" \/><\/figure>\n\n\n\n<div class=\"wp-block-group has-global-padding is-layout-constrained wp-block-group-is-layout-constrained\">\n<p>Jednostka 99582 (przedstawicielka serii Z9500\/9600) sko\u0144czy\u0142a bieg na stacji Besan\u00e7on Viotte. Przyjecha\u0142em ni\u0105 z Belfort, ale czy to jest pe\u0142na relacja poci\u0105gu, tego nie wiem. 23.03.2018<\/p>\n<\/div>\n","protected":false},"excerpt":{"rendered":"<p>Jednostka 99582 (przedstawicielka serii Z9500\/9600) sko\u0144czy\u0142a bieg na stacji Besan\u00e7on Viotte. Przyjecha\u0142em ni\u0105 z Belfort, ale czy to jest pe\u0142na relacja poci\u0105gu, tego nie wiem. 23.03.2018<\/p>\n","protected":false},"author":1,"featured_media":12343,"comment_status":"open","ping_status":"","sticky":false,"template":"","format":"standard","meta":{"footnotes":""},"categories":[2,156],"tags":[1509,1507,3206,415,24,1764,183],"class_list":["post-12342","post","type-post","status-publish","format-standard","has-post-thumbnail","hentry","category-kolej","category-rok-2018","tag-2018-03-23","tag-besancon","tag-besancon-viotte","tag-francja","tag-perony","tag-sncf","tag-suissetrip-2018"],"_links":{"self":[{"href":"https:\/\/wgphoto.pl\/t\/index.php?rest_route=\/wp\/v2\/posts\/12342","targetHints":{"allow":["GET"]}}],"collection":[{"href":"https:\/\/wgphoto.pl\/t\/index.php?rest_route=\/wp\/v2\/posts"}],"about":[{"href":"https:\/\/wgphoto.pl\/t\/index.php?rest_route=\/wp\/v2\/types\/post"}],"author":[{"embeddable":true,"href":"https:\/\/wgphoto.pl\/t\/index.php?rest_route=\/wp\/v2\/users\/1"}],"replies":[{"embeddable":true,"href":"https:\/\/wgphoto.pl\/t\/index.php?rest_route=%2Fwp%2Fv2%2Fcomments&post=12342"}],"version-history":[{"count":1,"href":"https:\/\/wgphoto.pl\/t\/index.php?rest_route=\/wp\/v2\/posts\/12342\/revisions"}],"predecessor-version":[{"id":12344,"href":"https:\/\/wgphoto.pl\/t\/index.php?rest_route=\/wp\/v2\/posts\/12342\/revisions\/12344"}],"wp:featuredmedia":[{"embeddable":true,"href":"https:\/\/wgphoto.pl\/t\/index.php?rest_route=\/wp\/v2\/media\/12343"}],"wp:attachment":[{"href":"https:\/\/wgphoto.pl\/t\/index.php?rest_route=%2Fwp%2Fv2%2Fmedia&parent=12342"}],"wp:term":[{"taxonomy":"category","embeddable":true,"href":"https:\/\/wgphoto.pl\/t\/index.php?rest_route=%2Fwp%2Fv2%2Fcategories&post=12342"},{"taxonomy":"post_tag","embeddable":true,"href":"https:\/\/wgphoto.pl\/t\/index.php?rest_route=%2Fwp%2Fv2%2Ftags&post=12342"}],"curies":[{"name":"wp","href":"https:\/\/api.w.org\/{rel}","templated":true}]}}