{"id":12345,"date":"2025-02-16T13:55:10","date_gmt":"2025-02-16T12:55:10","guid":{"rendered":"https:\/\/wgphoto.pl\/t\/?p=12345"},"modified":"2025-02-16T13:55:10","modified_gmt":"2025-02-16T12:55:10","slug":"kanapy","status":"publish","type":"post","link":"https:\/\/wgphoto.pl\/t\/?p=12345","title":{"rendered":"Kanapy"},"content":{"rendered":"\n<figure class=\"wp-block-image aligncenter size-full\"><img loading=\"lazy\" decoding=\"async\" width=\"1400\" height=\"1050\" src=\"https:\/\/wgphoto.pl\/t\/wp-content\/uploads\/2025\/02\/IMGP7396.jpg\" alt=\"\" class=\"wp-image-12347\" srcset=\"https:\/\/wgphoto.pl\/t\/wp-content\/uploads\/2025\/02\/IMGP7396.jpg 1400w, https:\/\/wgphoto.pl\/t\/wp-content\/uploads\/2025\/02\/IMGP7396-300x225.jpg 300w, https:\/\/wgphoto.pl\/t\/wp-content\/uploads\/2025\/02\/IMGP7396-768x576.jpg 768w\" sizes=\"auto, (max-width: 1400px) 100vw, 1400px\" \/><\/figure>\n\n\n\n<div class=\"wp-block-group has-global-padding is-layout-constrained wp-block-group-is-layout-constrained\">\n<p>Wn\u0119trze jednostki Z9500\/9600 z poprzedniego zdj\u0119cia. Nawet w poje\u017adzie starszej budowy znalaz\u0142 si\u0119 przedzia\u0142 &#8222;kanapowy&#8221;. 23.03.2018<\/p>\n<\/div>\n","protected":false},"excerpt":{"rendered":"<p>Wn\u0119trze jednostki Z9500\/9600 z poprzedniego zdj\u0119cia. Nawet w poje\u017adzie starszej budowy znalaz\u0142 si\u0119 przedzia\u0142 &#8222;kanapowy&#8221;. 23.03.2018<\/p>\n","protected":false},"author":1,"featured_media":12347,"comment_status":"open","ping_status":"","sticky":false,"template":"","format":"standard","meta":{"footnotes":""},"categories":[220,2,156],"tags":[1509,415,1764,183,454],"class_list":["post-12345","post","type-post","status-publish","format-standard","has-post-thumbnail","hentry","category-blo","category-kolej","category-rok-2018","tag-2018-03-23","tag-francja","tag-sncf","tag-suissetrip-2018","tag-wnetrza-pojazdow"],"_links":{"self":[{"href":"https:\/\/wgphoto.pl\/t\/index.php?rest_route=\/wp\/v2\/posts\/12345","targetHints":{"allow":["GET"]}}],"collection":[{"href":"https:\/\/wgphoto.pl\/t\/index.php?rest_route=\/wp\/v2\/posts"}],"about":[{"href":"https:\/\/wgphoto.pl\/t\/index.php?rest_route=\/wp\/v2\/types\/post"}],"author":[{"embeddable":true,"href":"https:\/\/wgphoto.pl\/t\/index.php?rest_route=\/wp\/v2\/users\/1"}],"replies":[{"embeddable":true,"href":"https:\/\/wgphoto.pl\/t\/index.php?rest_route=%2Fwp%2Fv2%2Fcomments&post=12345"}],"version-history":[{"count":1,"href":"https:\/\/wgphoto.pl\/t\/index.php?rest_route=\/wp\/v2\/posts\/12345\/revisions"}],"predecessor-version":[{"id":12348,"href":"https:\/\/wgphoto.pl\/t\/index.php?rest_route=\/wp\/v2\/posts\/12345\/revisions\/12348"}],"wp:featuredmedia":[{"embeddable":true,"href":"https:\/\/wgphoto.pl\/t\/index.php?rest_route=\/wp\/v2\/media\/12347"}],"wp:attachment":[{"href":"https:\/\/wgphoto.pl\/t\/index.php?rest_route=%2Fwp%2Fv2%2Fmedia&parent=12345"}],"wp:term":[{"taxonomy":"category","embeddable":true,"href":"https:\/\/wgphoto.pl\/t\/index.php?rest_route=%2Fwp%2Fv2%2Fcategories&post=12345"},{"taxonomy":"post_tag","embeddable":true,"href":"https:\/\/wgphoto.pl\/t\/index.php?rest_route=%2Fwp%2Fv2%2Ftags&post=12345"}],"curies":[{"name":"wp","href":"https:\/\/api.w.org\/{rel}","templated":true}]}}