{"id":12349,"date":"2025-02-16T13:56:22","date_gmt":"2025-02-16T12:56:22","guid":{"rendered":"https:\/\/wgphoto.pl\/t\/?p=12349"},"modified":"2026-03-25T15:13:25","modified_gmt":"2026-03-25T14:13:25","slug":"synchro","status":"publish","type":"post","link":"https:\/\/wgphoto.pl\/t\/?p=12349","title":{"rendered":"Synchro"},"content":{"rendered":"\n<figure class=\"wp-block-image aligncenter size-full\"><img loading=\"lazy\" decoding=\"async\" width=\"1400\" height=\"927\" src=\"https:\/\/wgphoto.pl\/t\/wp-content\/uploads\/2025\/02\/IMGP7624.jpg\" alt=\"\" class=\"wp-image-12350\" srcset=\"https:\/\/wgphoto.pl\/t\/wp-content\/uploads\/2025\/02\/IMGP7624.jpg 1400w, https:\/\/wgphoto.pl\/t\/wp-content\/uploads\/2025\/02\/IMGP7624-300x199.jpg 300w, https:\/\/wgphoto.pl\/t\/wp-content\/uploads\/2025\/02\/IMGP7624-768x509.jpg 768w\" sizes=\"auto, (max-width: 1400px) 100vw, 1400px\" \/><\/figure>\n\n\n\n<div class=\"wp-block-group has-global-padding is-layout-constrained wp-block-group-is-layout-constrained\">\n<p>Dijon, Boulevard de Brosses. W mie\u015bcie funkcjonuj\u0105 dwie linie tramwajowe. Ich synchronizacja tak, by nie jecha\u0142y naraz, jest zatem banalna, ale jak wida\u0107 nie zawsze wychodzi. No chyba \u017ce to tak specjalnie, np. w celu zapewnienia przesiadki, to pardon. 23.03.2018<\/p>\n<\/div>\n","protected":false},"excerpt":{"rendered":"<p>Dijon, Boulevard de Brosses. W mie\u015bcie funkcjonuj\u0105 dwie linie tramwajowe. Ich synchronizacja tak, by nie jecha\u0142y naraz, jest zatem banalna, ale jak wida\u0107 nie zawsze wychodzi. No chyba \u017ce to tak specjalnie, np. w celu zapewnienia przesiadki, to pardon. 23.03.2018<\/p>\n","protected":false},"author":1,"featured_media":12350,"comment_status":"open","ping_status":"","sticky":false,"template":"","format":"standard","meta":{"footnotes":""},"categories":[156,3],"tags":[1509,170,2725,415,183],"class_list":["post-12349","post","type-post","status-publish","format-standard","has-post-thumbnail","hentry","category-rok-2018","category-tramwaj","tag-2018-03-23","tag-alstom-citadis302","tag-dijon","tag-francja","tag-suissetrip-2018"],"_links":{"self":[{"href":"https:\/\/wgphoto.pl\/t\/index.php?rest_route=\/wp\/v2\/posts\/12349","targetHints":{"allow":["GET"]}}],"collection":[{"href":"https:\/\/wgphoto.pl\/t\/index.php?rest_route=\/wp\/v2\/posts"}],"about":[{"href":"https:\/\/wgphoto.pl\/t\/index.php?rest_route=\/wp\/v2\/types\/post"}],"author":[{"embeddable":true,"href":"https:\/\/wgphoto.pl\/t\/index.php?rest_route=\/wp\/v2\/users\/1"}],"replies":[{"embeddable":true,"href":"https:\/\/wgphoto.pl\/t\/index.php?rest_route=%2Fwp%2Fv2%2Fcomments&post=12349"}],"version-history":[{"count":2,"href":"https:\/\/wgphoto.pl\/t\/index.php?rest_route=\/wp\/v2\/posts\/12349\/revisions"}],"predecessor-version":[{"id":23247,"href":"https:\/\/wgphoto.pl\/t\/index.php?rest_route=\/wp\/v2\/posts\/12349\/revisions\/23247"}],"wp:featuredmedia":[{"embeddable":true,"href":"https:\/\/wgphoto.pl\/t\/index.php?rest_route=\/wp\/v2\/media\/12350"}],"wp:attachment":[{"href":"https:\/\/wgphoto.pl\/t\/index.php?rest_route=%2Fwp%2Fv2%2Fmedia&parent=12349"}],"wp:term":[{"taxonomy":"category","embeddable":true,"href":"https:\/\/wgphoto.pl\/t\/index.php?rest_route=%2Fwp%2Fv2%2Fcategories&post=12349"},{"taxonomy":"post_tag","embeddable":true,"href":"https:\/\/wgphoto.pl\/t\/index.php?rest_route=%2Fwp%2Fv2%2Ftags&post=12349"}],"curies":[{"name":"wp","href":"https:\/\/api.w.org\/{rel}","templated":true}]}}