{"id":12352,"date":"2025-02-16T13:57:06","date_gmt":"2025-02-16T12:57:06","guid":{"rendered":"https:\/\/wgphoto.pl\/t\/?p=12352"},"modified":"2025-02-16T13:57:06","modified_gmt":"2025-02-16T12:57:06","slug":"bo-mozna","status":"publish","type":"post","link":"https:\/\/wgphoto.pl\/t\/?p=12352","title":{"rendered":"Bo mo\u017cna"},"content":{"rendered":"\n<figure class=\"wp-block-image aligncenter size-full\"><img loading=\"lazy\" decoding=\"async\" width=\"1400\" height=\"927\" src=\"https:\/\/wgphoto.pl\/t\/wp-content\/uploads\/2025\/02\/IMGP7008.jpg\" alt=\"\" class=\"wp-image-12353\" srcset=\"https:\/\/wgphoto.pl\/t\/wp-content\/uploads\/2025\/02\/IMGP7008.jpg 1400w, https:\/\/wgphoto.pl\/t\/wp-content\/uploads\/2025\/02\/IMGP7008-300x199.jpg 300w, https:\/\/wgphoto.pl\/t\/wp-content\/uploads\/2025\/02\/IMGP7008-768x509.jpg 768w\" sizes=\"auto, (max-width: 1400px) 100vw, 1400px\" \/><\/figure>\n\n\n\n<div class=\"wp-block-group has-global-padding is-layout-constrained wp-block-group-is-layout-constrained\">\n<p>Miluza, Place de l\u2019Europe, w\u0119ze\u0142 przesiadkowy Porte Jeune, wagon nr 2001. Mo\u017cna zorganizowa\u0107 w\u0119ze\u0142 w\u015br\u00f3d starszej zabudowy, w strefie pieszej, z dosy\u0107 rozbudowanym uk\u0142adem torowym (tzn. \u017ce tor\u00f3w jest wi\u0119cej ni\u017c dwa\u2026) wci\u015bni\u0119tym na dodatek pomi\u0119dzy dorodne drzewa. Tylko trzeba chcie\u0107. 20.03.2018<\/p>\n<\/div>\n","protected":false},"excerpt":{"rendered":"<p>Miluza, Place de l\u2019Europe, w\u0119ze\u0142 przesiadkowy Porte Jeune, wagon nr 2001. Mo\u017cna zorganizowa\u0107 w\u0119ze\u0142 w\u015br\u00f3d starszej zabudowy, w strefie pieszej, z dosy\u0107 rozbudowanym uk\u0142adem torowym (tzn. \u017ce tor\u00f3w jest wi\u0119cej ni\u017c dwa\u2026) wci\u015bni\u0119tym na dodatek pomi\u0119dzy dorodne drzewa. Tylko trzeba chcie\u0107. 20.03.2018<\/p>\n","protected":false},"author":1,"featured_media":12353,"comment_status":"open","ping_status":"","sticky":false,"template":"","format":"standard","meta":{"footnotes":""},"categories":[156,3],"tags":[602,170,239,415,601,183,600],"class_list":["post-12352","post","type-post","status-publish","format-standard","has-post-thumbnail","hentry","category-rok-2018","category-tramwaj","tag-2018-03-20","tag-alstom-citadis302","tag-deptak","tag-francja","tag-miluza","tag-suissetrip-2018","tag-tram-mulhouse"],"_links":{"self":[{"href":"https:\/\/wgphoto.pl\/t\/index.php?rest_route=\/wp\/v2\/posts\/12352","targetHints":{"allow":["GET"]}}],"collection":[{"href":"https:\/\/wgphoto.pl\/t\/index.php?rest_route=\/wp\/v2\/posts"}],"about":[{"href":"https:\/\/wgphoto.pl\/t\/index.php?rest_route=\/wp\/v2\/types\/post"}],"author":[{"embeddable":true,"href":"https:\/\/wgphoto.pl\/t\/index.php?rest_route=\/wp\/v2\/users\/1"}],"replies":[{"embeddable":true,"href":"https:\/\/wgphoto.pl\/t\/index.php?rest_route=%2Fwp%2Fv2%2Fcomments&post=12352"}],"version-history":[{"count":1,"href":"https:\/\/wgphoto.pl\/t\/index.php?rest_route=\/wp\/v2\/posts\/12352\/revisions"}],"predecessor-version":[{"id":12354,"href":"https:\/\/wgphoto.pl\/t\/index.php?rest_route=\/wp\/v2\/posts\/12352\/revisions\/12354"}],"wp:featuredmedia":[{"embeddable":true,"href":"https:\/\/wgphoto.pl\/t\/index.php?rest_route=\/wp\/v2\/media\/12353"}],"wp:attachment":[{"href":"https:\/\/wgphoto.pl\/t\/index.php?rest_route=%2Fwp%2Fv2%2Fmedia&parent=12352"}],"wp:term":[{"taxonomy":"category","embeddable":true,"href":"https:\/\/wgphoto.pl\/t\/index.php?rest_route=%2Fwp%2Fv2%2Fcategories&post=12352"},{"taxonomy":"post_tag","embeddable":true,"href":"https:\/\/wgphoto.pl\/t\/index.php?rest_route=%2Fwp%2Fv2%2Ftags&post=12352"}],"curies":[{"name":"wp","href":"https:\/\/api.w.org\/{rel}","templated":true}]}}