{"id":12356,"date":"2025-02-21T16:37:25","date_gmt":"2025-02-21T15:37:25","guid":{"rendered":"https:\/\/wgphoto.pl\/t\/?p=12356"},"modified":"2025-02-21T16:37:25","modified_gmt":"2025-02-21T15:37:25","slug":"sprzatanie-zimy","status":"publish","type":"post","link":"https:\/\/wgphoto.pl\/t\/?p=12356","title":{"rendered":"Sprz\u0105tanie zimy"},"content":{"rendered":"\n<figure class=\"wp-block-image aligncenter size-full\"><img loading=\"lazy\" decoding=\"async\" width=\"1400\" height=\"902\" src=\"https:\/\/wgphoto.pl\/t\/wp-content\/uploads\/2025\/02\/0602-21_rsn.jpg\" alt=\"\" class=\"wp-image-12357\" srcset=\"https:\/\/wgphoto.pl\/t\/wp-content\/uploads\/2025\/02\/0602-21_rsn.jpg 1400w, https:\/\/wgphoto.pl\/t\/wp-content\/uploads\/2025\/02\/0602-21_rsn-300x193.jpg 300w, https:\/\/wgphoto.pl\/t\/wp-content\/uploads\/2025\/02\/0602-21_rsn-768x495.jpg 768w\" sizes=\"auto, (max-width: 1400px) 100vw, 1400px\" \/><\/figure>\n\n\n\n<div class=\"wp-block-group has-global-padding is-layout-constrained wp-block-group-is-layout-constrained\">\n<p>SM31-139 wjecha\u0142a w perony z platform\u0105 w celu uprz\u0105tni\u0119cia \u015bniegu z peron\u00f3w. K\u0119dzierzyn-Ko\u017ale, 18.02.2006<\/p>\n<\/div>\n","protected":false},"excerpt":{"rendered":"<p>SM31-139 wjecha\u0142a w perony z platform\u0105 w celu uprz\u0105tni\u0119cia \u015bniegu z peron\u00f3w. K\u0119dzierzyn-Ko\u017ale, 18.02.2006<\/p>\n","protected":false},"author":1,"featured_media":12357,"comment_status":"open","ping_status":"","sticky":false,"template":"","format":"standard","meta":{"footnotes":""},"categories":[62,2,130],"tags":[267,263,24,63,27,266,44],"class_list":["post-12356","post","type-post","status-publish","format-standard","has-post-thumbnail","hentry","category-analog","category-kolej","category-rok-2006","tag-2006-02-18","tag-kedzierzyn-kozle","tag-perony","tag-pkp","tag-polska","tag-sm31","tag-snieg"],"_links":{"self":[{"href":"https:\/\/wgphoto.pl\/t\/index.php?rest_route=\/wp\/v2\/posts\/12356","targetHints":{"allow":["GET"]}}],"collection":[{"href":"https:\/\/wgphoto.pl\/t\/index.php?rest_route=\/wp\/v2\/posts"}],"about":[{"href":"https:\/\/wgphoto.pl\/t\/index.php?rest_route=\/wp\/v2\/types\/post"}],"author":[{"embeddable":true,"href":"https:\/\/wgphoto.pl\/t\/index.php?rest_route=\/wp\/v2\/users\/1"}],"replies":[{"embeddable":true,"href":"https:\/\/wgphoto.pl\/t\/index.php?rest_route=%2Fwp%2Fv2%2Fcomments&post=12356"}],"version-history":[{"count":1,"href":"https:\/\/wgphoto.pl\/t\/index.php?rest_route=\/wp\/v2\/posts\/12356\/revisions"}],"predecessor-version":[{"id":12358,"href":"https:\/\/wgphoto.pl\/t\/index.php?rest_route=\/wp\/v2\/posts\/12356\/revisions\/12358"}],"wp:featuredmedia":[{"embeddable":true,"href":"https:\/\/wgphoto.pl\/t\/index.php?rest_route=\/wp\/v2\/media\/12357"}],"wp:attachment":[{"href":"https:\/\/wgphoto.pl\/t\/index.php?rest_route=%2Fwp%2Fv2%2Fmedia&parent=12356"}],"wp:term":[{"taxonomy":"category","embeddable":true,"href":"https:\/\/wgphoto.pl\/t\/index.php?rest_route=%2Fwp%2Fv2%2Fcategories&post=12356"},{"taxonomy":"post_tag","embeddable":true,"href":"https:\/\/wgphoto.pl\/t\/index.php?rest_route=%2Fwp%2Fv2%2Ftags&post=12356"}],"curies":[{"name":"wp","href":"https:\/\/api.w.org\/{rel}","templated":true}]}}