{"id":12362,"date":"2025-02-21T16:39:43","date_gmt":"2025-02-21T15:39:43","guid":{"rendered":"https:\/\/wgphoto.pl\/t\/?p=12362"},"modified":"2025-02-21T16:39:43","modified_gmt":"2025-02-21T15:39:43","slug":"a-jednak-lubstow","status":"publish","type":"post","link":"https:\/\/wgphoto.pl\/t\/?p=12362","title":{"rendered":"A jednak Lubst\u00f3w"},"content":{"rendered":"\n<figure class=\"wp-block-image aligncenter size-full\"><img loading=\"lazy\" decoding=\"async\" width=\"1400\" height=\"911\" src=\"https:\/\/wgphoto.pl\/t\/wp-content\/uploads\/2025\/02\/2002c_32_rsn.jpg\" alt=\"\" class=\"wp-image-12363\" srcset=\"https:\/\/wgphoto.pl\/t\/wp-content\/uploads\/2025\/02\/2002c_32_rsn.jpg 1400w, https:\/\/wgphoto.pl\/t\/wp-content\/uploads\/2025\/02\/2002c_32_rsn-300x195.jpg 300w, https:\/\/wgphoto.pl\/t\/wp-content\/uploads\/2025\/02\/2002c_32_rsn-768x500.jpg 768w\" sizes=\"auto, (max-width: 1400px) 100vw, 1400px\" \/><\/figure>\n\n\n\n<div class=\"wp-block-group has-global-padding is-layout-constrained wp-block-group-is-layout-constrained\">\n<p>EL2-27 i 50 na stacji Lubst\u00f3w. Nie by\u0142em pewien lokalizacji, ale niezawodni fb-obserwatorzy pomogli si\u0119 odnale\u017a\u0107. 19.02.2002<\/p>\n<\/div>\n","protected":false},"excerpt":{"rendered":"<p>EL2-27 i 50 na stacji Lubst\u00f3w. Nie by\u0142em pewien lokalizacji, ale niezawodni fb-obserwatorzy pomogli si\u0119 odnale\u017a\u0107. 19.02.2002<\/p>\n","protected":false},"author":1,"featured_media":12363,"comment_status":"open","ping_status":"","sticky":false,"template":"","format":"standard","meta":{"footnotes":""},"categories":[62,2,577],"tags":[918,891,889,3207,27],"class_list":["post-12362","post","type-post","status-publish","format-standard","has-post-thumbnail","hentry","category-analog","category-kolej","category-rok-2002","tag-2002-02-19","tag-el2","tag-kwb-konin","tag-lubstow","tag-polska"],"_links":{"self":[{"href":"https:\/\/wgphoto.pl\/t\/index.php?rest_route=\/wp\/v2\/posts\/12362","targetHints":{"allow":["GET"]}}],"collection":[{"href":"https:\/\/wgphoto.pl\/t\/index.php?rest_route=\/wp\/v2\/posts"}],"about":[{"href":"https:\/\/wgphoto.pl\/t\/index.php?rest_route=\/wp\/v2\/types\/post"}],"author":[{"embeddable":true,"href":"https:\/\/wgphoto.pl\/t\/index.php?rest_route=\/wp\/v2\/users\/1"}],"replies":[{"embeddable":true,"href":"https:\/\/wgphoto.pl\/t\/index.php?rest_route=%2Fwp%2Fv2%2Fcomments&post=12362"}],"version-history":[{"count":1,"href":"https:\/\/wgphoto.pl\/t\/index.php?rest_route=\/wp\/v2\/posts\/12362\/revisions"}],"predecessor-version":[{"id":12364,"href":"https:\/\/wgphoto.pl\/t\/index.php?rest_route=\/wp\/v2\/posts\/12362\/revisions\/12364"}],"wp:featuredmedia":[{"embeddable":true,"href":"https:\/\/wgphoto.pl\/t\/index.php?rest_route=\/wp\/v2\/media\/12363"}],"wp:attachment":[{"href":"https:\/\/wgphoto.pl\/t\/index.php?rest_route=%2Fwp%2Fv2%2Fmedia&parent=12362"}],"wp:term":[{"taxonomy":"category","embeddable":true,"href":"https:\/\/wgphoto.pl\/t\/index.php?rest_route=%2Fwp%2Fv2%2Fcategories&post=12362"},{"taxonomy":"post_tag","embeddable":true,"href":"https:\/\/wgphoto.pl\/t\/index.php?rest_route=%2Fwp%2Fv2%2Ftags&post=12362"}],"curies":[{"name":"wp","href":"https:\/\/api.w.org\/{rel}","templated":true}]}}