{"id":12373,"date":"2025-02-21T17:14:58","date_gmt":"2025-02-21T16:14:58","guid":{"rendered":"https:\/\/wgphoto.pl\/t\/?p=12373"},"modified":"2025-02-21T17:14:58","modified_gmt":"2025-02-21T16:14:58","slug":"gerski-tramwaj-plus","status":"publish","type":"post","link":"https:\/\/wgphoto.pl\/t\/?p=12373","title":{"rendered":"Gerski &#8222;tramwaj plus&#8221;"},"content":{"rendered":"\n<figure class=\"wp-block-image aligncenter size-full\"><img loading=\"lazy\" decoding=\"async\" width=\"1200\" height=\"803\" src=\"https:\/\/wgphoto.pl\/t\/wp-content\/uploads\/2025\/02\/imgp9562.jpg\" alt=\"\" class=\"wp-image-12374\" srcset=\"https:\/\/wgphoto.pl\/t\/wp-content\/uploads\/2025\/02\/imgp9562.jpg 1200w, https:\/\/wgphoto.pl\/t\/wp-content\/uploads\/2025\/02\/imgp9562-300x201.jpg 300w, https:\/\/wgphoto.pl\/t\/wp-content\/uploads\/2025\/02\/imgp9562-768x514.jpg 768w\" sizes=\"auto, (max-width: 1200px) 100vw, 1200px\" \/><\/figure>\n\n\n\n<div class=\"wp-block-group has-global-padding is-layout-constrained wp-block-group-is-layout-constrained\">\n<p>W 2006 roku uruchomiono w Gerze trzeci\u0105 lini\u0119 tramwajow\u0105, zgodnie z niemieckim porz\u0105dkiem oznaczon\u0105 numerem 1. Wyr\u00f3\u017cnia si\u0119 ona mi\u0119dzy innymi obs\u0142ug\u0105 wy\u0142\u0105cznie pojazdami typu NGT8G oraz designem przystank\u00f3w, kt\u00f3rych co prawda przeoczy\u0107 w terenie nie spos\u00f3b, ale ich harmonii ze \u015br\u00f3dmiejsk\u0105 zabudow\u0105 ju\u017c taki pewien nie jestem\u2026 Na plus zas\u0142uguj\u0105 natomiast kolorystyka przystank\u00f3w jednakowa z pojazdami &#8211; tworz\u0105ca jednoznaczne skojarzenie (tak w nawi\u0105zaniu do zielonych przystank\u00f3w wroc\u0142awskiego tramwaju plus), a tak\u017ce zgrabnie wpasowany wy\u015bwietlacz w ciekawych kszta\u0142t\u00f3w s\u0142upek przystankowy. NGT8G 204 zatrzymuje si\u0119 na przystanku Friedrich-Naumann-Platz. 2009-09-10<\/p>\n<\/div>\n","protected":false},"excerpt":{"rendered":"<p>W 2006 roku uruchomiono w Gerze trzeci\u0105 lini\u0119 tramwajow\u0105, zgodnie z niemieckim porz\u0105dkiem oznaczon\u0105 numerem 1. Wyr\u00f3\u017cnia si\u0119 ona mi\u0119dzy innymi obs\u0142ug\u0105 wy\u0142\u0105cznie pojazdami typu NGT8G oraz designem przystank\u00f3w, kt\u00f3rych co prawda przeoczy\u0107 w terenie nie spos\u00f3b, ale ich harmonii ze \u015br\u00f3dmiejsk\u0105 zabudow\u0105 ju\u017c taki pewien nie jestem\u2026 Na plus zas\u0142uguj\u0105 natomiast kolorystyka przystank\u00f3w jednakowa [&hellip;]<\/p>\n","protected":false},"author":1,"featured_media":12374,"comment_status":"open","ping_status":"","sticky":false,"template":"","format":"standard","meta":{"footnotes":""},"categories":[169,3],"tags":[490,1408,1009,2076,230,23,219],"class_list":["post-12373","post","type-post","status-publish","format-standard","has-post-thumbnail","hentry","category-rok-2009","category-tramwaj","tag-2009-09-10","tag-alstom-citadis200","tag-gera","tag-gvb-gera","tag-infrastruktura","tag-niemcy","tag-przystanek"],"_links":{"self":[{"href":"https:\/\/wgphoto.pl\/t\/index.php?rest_route=\/wp\/v2\/posts\/12373","targetHints":{"allow":["GET"]}}],"collection":[{"href":"https:\/\/wgphoto.pl\/t\/index.php?rest_route=\/wp\/v2\/posts"}],"about":[{"href":"https:\/\/wgphoto.pl\/t\/index.php?rest_route=\/wp\/v2\/types\/post"}],"author":[{"embeddable":true,"href":"https:\/\/wgphoto.pl\/t\/index.php?rest_route=\/wp\/v2\/users\/1"}],"replies":[{"embeddable":true,"href":"https:\/\/wgphoto.pl\/t\/index.php?rest_route=%2Fwp%2Fv2%2Fcomments&post=12373"}],"version-history":[{"count":1,"href":"https:\/\/wgphoto.pl\/t\/index.php?rest_route=\/wp\/v2\/posts\/12373\/revisions"}],"predecessor-version":[{"id":12375,"href":"https:\/\/wgphoto.pl\/t\/index.php?rest_route=\/wp\/v2\/posts\/12373\/revisions\/12375"}],"wp:featuredmedia":[{"embeddable":true,"href":"https:\/\/wgphoto.pl\/t\/index.php?rest_route=\/wp\/v2\/media\/12374"}],"wp:attachment":[{"href":"https:\/\/wgphoto.pl\/t\/index.php?rest_route=%2Fwp%2Fv2%2Fmedia&parent=12373"}],"wp:term":[{"taxonomy":"category","embeddable":true,"href":"https:\/\/wgphoto.pl\/t\/index.php?rest_route=%2Fwp%2Fv2%2Fcategories&post=12373"},{"taxonomy":"post_tag","embeddable":true,"href":"https:\/\/wgphoto.pl\/t\/index.php?rest_route=%2Fwp%2Fv2%2Ftags&post=12373"}],"curies":[{"name":"wp","href":"https:\/\/api.w.org\/{rel}","templated":true}]}}