{"id":12376,"date":"2025-02-21T17:15:54","date_gmt":"2025-02-21T16:15:54","guid":{"rendered":"https:\/\/wgphoto.pl\/t\/?p=12376"},"modified":"2025-02-21T17:15:54","modified_gmt":"2025-02-21T16:15:54","slug":"zdjecie-spod-dworca","status":"publish","type":"post","link":"https:\/\/wgphoto.pl\/t\/?p=12376","title":{"rendered":"Zdj\u0119cie spod dworca"},"content":{"rendered":"\n<figure class=\"wp-block-image aligncenter size-full\"><img loading=\"lazy\" decoding=\"async\" width=\"1200\" height=\"803\" src=\"https:\/\/wgphoto.pl\/t\/wp-content\/uploads\/2025\/02\/imgp9544.jpg\" alt=\"\" class=\"wp-image-12377\" srcset=\"https:\/\/wgphoto.pl\/t\/wp-content\/uploads\/2025\/02\/imgp9544.jpg 1200w, https:\/\/wgphoto.pl\/t\/wp-content\/uploads\/2025\/02\/imgp9544-300x201.jpg 300w, https:\/\/wgphoto.pl\/t\/wp-content\/uploads\/2025\/02\/imgp9544-768x514.jpg 768w\" sizes=\"auto, (max-width: 1200px) 100vw, 1200px\" \/><\/figure>\n\n\n\n<div class=\"wp-block-group has-global-padding is-layout-constrained wp-block-group-is-layout-constrained\">\n<p>Stwierdzenie &#8222;zdj\u0119cie spod dworca&#8221;, oznaczaj\u0105ce na og\u00f3\u0142 foto pope\u0142nione na szybko, w czasie kr\u00f3tkiej przerwy w podr\u00f3\u017cy, nabiera w Gerze zupe\u0142nie innego znaczenia. Linia 1 korzysta bowiem z nowo wybudowanego tunelu pod dworcem g\u0142\u00f3wnym, gdzie zlokalizowano przystanek o nazwie Hauptbahnhof\/Theater. Z peron\u00f3w tramwajowych mo\u017cna si\u0119 dosta\u0107 prosto na kolejne perony kolejowe. 10.09.2009<\/p>\n<\/div>\n","protected":false},"excerpt":{"rendered":"<p>Stwierdzenie &#8222;zdj\u0119cie spod dworca&#8221;, oznaczaj\u0105ce na og\u00f3\u0142 foto pope\u0142nione na szybko, w czasie kr\u00f3tkiej przerwy w podr\u00f3\u017cy, nabiera w Gerze zupe\u0142nie innego znaczenia. Linia 1 korzysta bowiem z nowo wybudowanego tunelu pod dworcem g\u0142\u00f3wnym, gdzie zlokalizowano przystanek o nazwie Hauptbahnhof\/Theater. Z peron\u00f3w tramwajowych mo\u017cna si\u0119 dosta\u0107 prosto na kolejne perony kolejowe. 10.09.2009<\/p>\n","protected":false},"author":1,"featured_media":12377,"comment_status":"open","ping_status":"","sticky":false,"template":"","format":"standard","meta":{"footnotes":""},"categories":[169,3],"tags":[490,1408,1009,2076,23,380],"class_list":["post-12376","post","type-post","status-publish","format-standard","has-post-thumbnail","hentry","category-rok-2009","category-tramwaj","tag-2009-09-10","tag-alstom-citadis200","tag-gera","tag-gvb-gera","tag-niemcy","tag-spod-dworca"],"_links":{"self":[{"href":"https:\/\/wgphoto.pl\/t\/index.php?rest_route=\/wp\/v2\/posts\/12376","targetHints":{"allow":["GET"]}}],"collection":[{"href":"https:\/\/wgphoto.pl\/t\/index.php?rest_route=\/wp\/v2\/posts"}],"about":[{"href":"https:\/\/wgphoto.pl\/t\/index.php?rest_route=\/wp\/v2\/types\/post"}],"author":[{"embeddable":true,"href":"https:\/\/wgphoto.pl\/t\/index.php?rest_route=\/wp\/v2\/users\/1"}],"replies":[{"embeddable":true,"href":"https:\/\/wgphoto.pl\/t\/index.php?rest_route=%2Fwp%2Fv2%2Fcomments&post=12376"}],"version-history":[{"count":1,"href":"https:\/\/wgphoto.pl\/t\/index.php?rest_route=\/wp\/v2\/posts\/12376\/revisions"}],"predecessor-version":[{"id":12378,"href":"https:\/\/wgphoto.pl\/t\/index.php?rest_route=\/wp\/v2\/posts\/12376\/revisions\/12378"}],"wp:featuredmedia":[{"embeddable":true,"href":"https:\/\/wgphoto.pl\/t\/index.php?rest_route=\/wp\/v2\/media\/12377"}],"wp:attachment":[{"href":"https:\/\/wgphoto.pl\/t\/index.php?rest_route=%2Fwp%2Fv2%2Fmedia&parent=12376"}],"wp:term":[{"taxonomy":"category","embeddable":true,"href":"https:\/\/wgphoto.pl\/t\/index.php?rest_route=%2Fwp%2Fv2%2Fcategories&post=12376"},{"taxonomy":"post_tag","embeddable":true,"href":"https:\/\/wgphoto.pl\/t\/index.php?rest_route=%2Fwp%2Fv2%2Ftags&post=12376"}],"curies":[{"name":"wp","href":"https:\/\/api.w.org\/{rel}","templated":true}]}}