{"id":12379,"date":"2025-02-21T17:16:53","date_gmt":"2025-02-21T16:16:53","guid":{"rendered":"https:\/\/wgphoto.pl\/t\/?p=12379"},"modified":"2025-02-21T17:16:53","modified_gmt":"2025-02-21T16:16:53","slug":"pozytywnie","status":"publish","type":"post","link":"https:\/\/wgphoto.pl\/t\/?p=12379","title":{"rendered":"Pozytywnie"},"content":{"rendered":"\n<figure class=\"wp-block-image aligncenter size-full\"><img loading=\"lazy\" decoding=\"async\" width=\"1000\" height=\"667\" src=\"https:\/\/wgphoto.pl\/t\/wp-content\/uploads\/2025\/02\/imgp9556a.jpg\" alt=\"\" class=\"wp-image-12380\" srcset=\"https:\/\/wgphoto.pl\/t\/wp-content\/uploads\/2025\/02\/imgp9556a.jpg 1000w, https:\/\/wgphoto.pl\/t\/wp-content\/uploads\/2025\/02\/imgp9556a-300x200.jpg 300w, https:\/\/wgphoto.pl\/t\/wp-content\/uploads\/2025\/02\/imgp9556a-768x512.jpg 768w\" sizes=\"auto, (max-width: 1000px) 100vw, 1000px\" \/><\/figure>\n\n\n\n<div class=\"wp-block-group has-global-padding is-layout-constrained wp-block-group-is-layout-constrained\">\n<p>Gera, Leibnizstra\u00dfe. Na p\u00f3\u0142nocnym odcinku tutejszej &#8222;Stadtbahn&#8221;, poprowadzonym ulic\u0105 o szeroko\u015bci ograniczonej istniej\u0105c\u0105 zabudow\u0105, w ciekawy spos\u00f3b zorganizowano ruch. Tramwaj jad\u0105cy w &#8211; teoretycznie bardziej nara\u017conym na zatory &#8211; kierunku centrum miasta porusza si\u0119 po wydzielonym torowisku. Ze wzgl\u0119du jednak na ma\u0142\u0105 szeroko\u015b\u0107 chodnik\u00f3w, w celu odseparowania ruchu pieszych od oczekuj\u0105cych na tramwaj, przystanek zorganizowano w formie antyzatoki. We Wroc\u0142awiu na ulicy Poniatowskiego poprosz\u0119. 2009-09-10<\/p>\n<\/div>\n","protected":false},"excerpt":{"rendered":"<p>Gera, Leibnizstra\u00dfe. Na p\u00f3\u0142nocnym odcinku tutejszej &#8222;Stadtbahn&#8221;, poprowadzonym ulic\u0105 o szeroko\u015bci ograniczonej istniej\u0105c\u0105 zabudow\u0105, w ciekawy spos\u00f3b zorganizowano ruch. Tramwaj jad\u0105cy w &#8211; teoretycznie bardziej nara\u017conym na zatory &#8211; kierunku centrum miasta porusza si\u0119 po wydzielonym torowisku. Ze wzgl\u0119du jednak na ma\u0142\u0105 szeroko\u015b\u0107 chodnik\u00f3w, w celu odseparowania ruchu pieszych od oczekuj\u0105cych na tramwaj, przystanek zorganizowano [&hellip;]<\/p>\n","protected":false},"author":1,"featured_media":12380,"comment_status":"open","ping_status":"","sticky":false,"template":"","format":"standard","meta":{"footnotes":""},"categories":[169,3],"tags":[490,1408,1009,2076,230,23],"class_list":["post-12379","post","type-post","status-publish","format-standard","has-post-thumbnail","hentry","category-rok-2009","category-tramwaj","tag-2009-09-10","tag-alstom-citadis200","tag-gera","tag-gvb-gera","tag-infrastruktura","tag-niemcy"],"_links":{"self":[{"href":"https:\/\/wgphoto.pl\/t\/index.php?rest_route=\/wp\/v2\/posts\/12379","targetHints":{"allow":["GET"]}}],"collection":[{"href":"https:\/\/wgphoto.pl\/t\/index.php?rest_route=\/wp\/v2\/posts"}],"about":[{"href":"https:\/\/wgphoto.pl\/t\/index.php?rest_route=\/wp\/v2\/types\/post"}],"author":[{"embeddable":true,"href":"https:\/\/wgphoto.pl\/t\/index.php?rest_route=\/wp\/v2\/users\/1"}],"replies":[{"embeddable":true,"href":"https:\/\/wgphoto.pl\/t\/index.php?rest_route=%2Fwp%2Fv2%2Fcomments&post=12379"}],"version-history":[{"count":1,"href":"https:\/\/wgphoto.pl\/t\/index.php?rest_route=\/wp\/v2\/posts\/12379\/revisions"}],"predecessor-version":[{"id":12381,"href":"https:\/\/wgphoto.pl\/t\/index.php?rest_route=\/wp\/v2\/posts\/12379\/revisions\/12381"}],"wp:featuredmedia":[{"embeddable":true,"href":"https:\/\/wgphoto.pl\/t\/index.php?rest_route=\/wp\/v2\/media\/12380"}],"wp:attachment":[{"href":"https:\/\/wgphoto.pl\/t\/index.php?rest_route=%2Fwp%2Fv2%2Fmedia&parent=12379"}],"wp:term":[{"taxonomy":"category","embeddable":true,"href":"https:\/\/wgphoto.pl\/t\/index.php?rest_route=%2Fwp%2Fv2%2Fcategories&post=12379"},{"taxonomy":"post_tag","embeddable":true,"href":"https:\/\/wgphoto.pl\/t\/index.php?rest_route=%2Fwp%2Fv2%2Ftags&post=12379"}],"curies":[{"name":"wp","href":"https:\/\/api.w.org\/{rel}","templated":true}]}}