{"id":1238,"date":"2024-10-02T20:18:17","date_gmt":"2024-10-02T18:18:17","guid":{"rendered":"https:\/\/wgphoto.pl\/t\/?p=1238"},"modified":"2025-06-08T13:16:33","modified_gmt":"2025-06-08T11:16:33","slug":"foto-stop","status":"publish","type":"post","link":"https:\/\/wgphoto.pl\/t\/?p=1238","title":{"rendered":"Foto STOP"},"content":{"rendered":"\n<figure class=\"wp-block-image aligncenter size-full\"><img loading=\"lazy\" decoding=\"async\" width=\"1300\" height=\"817\" src=\"https:\/\/wgphoto.pl\/t\/wp-content\/uploads\/2024\/10\/2002u-24_rsn.jpg\" alt=\"\" class=\"wp-image-1239\" srcset=\"https:\/\/wgphoto.pl\/t\/wp-content\/uploads\/2024\/10\/2002u-24_rsn.jpg 1300w, https:\/\/wgphoto.pl\/t\/wp-content\/uploads\/2024\/10\/2002u-24_rsn-300x189.jpg 300w, https:\/\/wgphoto.pl\/t\/wp-content\/uploads\/2024\/10\/2002u-24_rsn-768x483.jpg 768w\" sizes=\"auto, (max-width: 1300px) 100vw, 1300px\" \/><\/figure>\n\n\n\n<div class=\"wp-block-group has-global-padding is-layout-constrained wp-block-group-is-layout-constrained\">\n<p>751.137+751.176 ze sk\u0142\u0105dem towarowym w kierunku Letohradu stoj\u0105 na stacji Jablonn\u00e9 nad Orlic\u00ed. To by\u0142 szybki fotostop podczas jazdy autem do Wiednia. Nie wykombinowa\u0142em w\u00f3wczas lepszego kadru, nie maj\u0105c jak wej\u015b\u0107 na g\u00f3r\u0119 bez \u0142a\u017cenia po torach pod nastawni\u0105. Z dzisiejszego punktu widzenia foto jest jednak ca\u0142kiem cenne, gdy\u017c ten odcinek kilka lat p\u00f3\u017aniej zelektryfikowano, a maszyny ze zdj\u0119cia zapewne ju\u017c nie istniej\u0105. [04.09.2002]<\/p>\n<\/div>\n","protected":false},"excerpt":{"rendered":"<p>751.137+751.176 ze sk\u0142\u0105dem towarowym w kierunku Letohradu stoj\u0105 na stacji Jablonn\u00e9 nad Orlic\u00ed. To by\u0142 szybki fotostop podczas jazdy autem do Wiednia. Nie wykombinowa\u0142em w\u00f3wczas lepszego kadru, nie maj\u0105c jak wej\u015b\u0107 na g\u00f3r\u0119 bez \u0142a\u017cenia po torach pod nastawni\u0105. Z dzisiejszego punktu widzenia foto jest jednak ca\u0142kiem cenne, gdy\u017c ten odcinek kilka lat p\u00f3\u017aniej zelektryfikowano, [&hellip;]<\/p>\n","protected":false},"author":1,"featured_media":1239,"comment_status":"open","ping_status":"","sticky":false,"template":"","format":"standard","meta":{"footnotes":""},"categories":[62,2,577],"tags":[585,164,50,49,583,584],"class_list":["post-1238","post","type-post","status-publish","format-standard","has-post-thumbnail","hentry","category-analog","category-kolej","category-rok-2002","tag-2002-09-04","tag-164","tag-cd","tag-czechy","tag-jablonne-nad-orlici","tag-tab-cz024"],"_links":{"self":[{"href":"https:\/\/wgphoto.pl\/t\/index.php?rest_route=\/wp\/v2\/posts\/1238","targetHints":{"allow":["GET"]}}],"collection":[{"href":"https:\/\/wgphoto.pl\/t\/index.php?rest_route=\/wp\/v2\/posts"}],"about":[{"href":"https:\/\/wgphoto.pl\/t\/index.php?rest_route=\/wp\/v2\/types\/post"}],"author":[{"embeddable":true,"href":"https:\/\/wgphoto.pl\/t\/index.php?rest_route=\/wp\/v2\/users\/1"}],"replies":[{"embeddable":true,"href":"https:\/\/wgphoto.pl\/t\/index.php?rest_route=%2Fwp%2Fv2%2Fcomments&post=1238"}],"version-history":[{"count":1,"href":"https:\/\/wgphoto.pl\/t\/index.php?rest_route=\/wp\/v2\/posts\/1238\/revisions"}],"predecessor-version":[{"id":1240,"href":"https:\/\/wgphoto.pl\/t\/index.php?rest_route=\/wp\/v2\/posts\/1238\/revisions\/1240"}],"wp:featuredmedia":[{"embeddable":true,"href":"https:\/\/wgphoto.pl\/t\/index.php?rest_route=\/wp\/v2\/media\/1239"}],"wp:attachment":[{"href":"https:\/\/wgphoto.pl\/t\/index.php?rest_route=%2Fwp%2Fv2%2Fmedia&parent=1238"}],"wp:term":[{"taxonomy":"category","embeddable":true,"href":"https:\/\/wgphoto.pl\/t\/index.php?rest_route=%2Fwp%2Fv2%2Fcategories&post=1238"},{"taxonomy":"post_tag","embeddable":true,"href":"https:\/\/wgphoto.pl\/t\/index.php?rest_route=%2Fwp%2Fv2%2Ftags&post=1238"}],"curies":[{"name":"wp","href":"https:\/\/api.w.org\/{rel}","templated":true}]}}