{"id":12382,"date":"2025-02-21T17:17:40","date_gmt":"2025-02-21T16:17:40","guid":{"rendered":"https:\/\/wgphoto.pl\/t\/?p=12382"},"modified":"2025-02-21T17:17:40","modified_gmt":"2025-02-21T16:17:40","slug":"dyskusyjnie","status":"publish","type":"post","link":"https:\/\/wgphoto.pl\/t\/?p=12382","title":{"rendered":"Dyskusyjnie"},"content":{"rendered":"\n<figure class=\"wp-block-image aligncenter size-full\"><img loading=\"lazy\" decoding=\"async\" width=\"1000\" height=\"664\" src=\"https:\/\/wgphoto.pl\/t\/wp-content\/uploads\/2025\/02\/imgp9558.jpg\" alt=\"\" class=\"wp-image-12383\" srcset=\"https:\/\/wgphoto.pl\/t\/wp-content\/uploads\/2025\/02\/imgp9558.jpg 1000w, https:\/\/wgphoto.pl\/t\/wp-content\/uploads\/2025\/02\/imgp9558-300x199.jpg 300w, https:\/\/wgphoto.pl\/t\/wp-content\/uploads\/2025\/02\/imgp9558-768x510.jpg 768w\" sizes=\"auto, (max-width: 1000px) 100vw, 1000px\" \/><\/figure>\n\n\n\n<div class=\"wp-block-group has-global-padding is-layout-constrained wp-block-group-is-layout-constrained\">\n<p>Gera, Leibnizstra\u00dfe. NGT8G 204 zatrzymuje si\u0119 na przedostatnim przystanku przed p\u0119tl\u0105 Untermhaus. Na tym przystanku pasa\u017cerowie raczej nie czekaj\u0105 na tramwaj, wi\u0119c umiejscowienie go na w\u0105skim chodniku nie jest szczeg\u00f3lnie uci\u0105\u017cliwe. Warto zwr\u00f3ci\u0107 tak\u017ce uwag\u0119 na znaki umieszczone po prawej stronie. Odwr\u00f3cony tr\u00f3jk\u0105t z symbolem tramwaju wraz z kopni\u0119tym kwadratem kilka metr\u00f3w dalej imho niejednoznacznie okre\u015blaj\u0105 pierwsze\u0144stwo\u2026 2009-09-10<\/p>\n<\/div>\n","protected":false},"excerpt":{"rendered":"<p>Gera, Leibnizstra\u00dfe. NGT8G 204 zatrzymuje si\u0119 na przedostatnim przystanku przed p\u0119tl\u0105 Untermhaus. Na tym przystanku pasa\u017cerowie raczej nie czekaj\u0105 na tramwaj, wi\u0119c umiejscowienie go na w\u0105skim chodniku nie jest szczeg\u00f3lnie uci\u0105\u017cliwe. Warto zwr\u00f3ci\u0107 tak\u017ce uwag\u0119 na znaki umieszczone po prawej stronie. Odwr\u00f3cony tr\u00f3jk\u0105t z symbolem tramwaju wraz z kopni\u0119tym kwadratem kilka metr\u00f3w dalej imho niejednoznacznie [&hellip;]<\/p>\n","protected":false},"author":1,"featured_media":12383,"comment_status":"open","ping_status":"","sticky":false,"template":"","format":"standard","meta":{"footnotes":""},"categories":[169,3],"tags":[490,1408,1009,2076,23],"class_list":["post-12382","post","type-post","status-publish","format-standard","has-post-thumbnail","hentry","category-rok-2009","category-tramwaj","tag-2009-09-10","tag-alstom-citadis200","tag-gera","tag-gvb-gera","tag-niemcy"],"_links":{"self":[{"href":"https:\/\/wgphoto.pl\/t\/index.php?rest_route=\/wp\/v2\/posts\/12382","targetHints":{"allow":["GET"]}}],"collection":[{"href":"https:\/\/wgphoto.pl\/t\/index.php?rest_route=\/wp\/v2\/posts"}],"about":[{"href":"https:\/\/wgphoto.pl\/t\/index.php?rest_route=\/wp\/v2\/types\/post"}],"author":[{"embeddable":true,"href":"https:\/\/wgphoto.pl\/t\/index.php?rest_route=\/wp\/v2\/users\/1"}],"replies":[{"embeddable":true,"href":"https:\/\/wgphoto.pl\/t\/index.php?rest_route=%2Fwp%2Fv2%2Fcomments&post=12382"}],"version-history":[{"count":1,"href":"https:\/\/wgphoto.pl\/t\/index.php?rest_route=\/wp\/v2\/posts\/12382\/revisions"}],"predecessor-version":[{"id":12384,"href":"https:\/\/wgphoto.pl\/t\/index.php?rest_route=\/wp\/v2\/posts\/12382\/revisions\/12384"}],"wp:featuredmedia":[{"embeddable":true,"href":"https:\/\/wgphoto.pl\/t\/index.php?rest_route=\/wp\/v2\/media\/12383"}],"wp:attachment":[{"href":"https:\/\/wgphoto.pl\/t\/index.php?rest_route=%2Fwp%2Fv2%2Fmedia&parent=12382"}],"wp:term":[{"taxonomy":"category","embeddable":true,"href":"https:\/\/wgphoto.pl\/t\/index.php?rest_route=%2Fwp%2Fv2%2Fcategories&post=12382"},{"taxonomy":"post_tag","embeddable":true,"href":"https:\/\/wgphoto.pl\/t\/index.php?rest_route=%2Fwp%2Fv2%2Ftags&post=12382"}],"curies":[{"name":"wp","href":"https:\/\/api.w.org\/{rel}","templated":true}]}}