{"id":12391,"date":"2025-02-21T17:20:22","date_gmt":"2025-02-21T16:20:22","guid":{"rendered":"https:\/\/wgphoto.pl\/t\/?p=12391"},"modified":"2025-02-21T17:20:22","modified_gmt":"2025-02-21T16:20:22","slug":"gleisdreieck-lusan","status":"publish","type":"post","link":"https:\/\/wgphoto.pl\/t\/?p=12391","title":{"rendered":"Gleisdreieck Lusan"},"content":{"rendered":"\n<figure class=\"wp-block-image aligncenter size-full\"><img loading=\"lazy\" decoding=\"async\" width=\"1000\" height=\"668\" src=\"https:\/\/wgphoto.pl\/t\/wp-content\/uploads\/2025\/02\/imgp9598.jpg\" alt=\"\" class=\"wp-image-12392\" srcset=\"https:\/\/wgphoto.pl\/t\/wp-content\/uploads\/2025\/02\/imgp9598.jpg 1000w, https:\/\/wgphoto.pl\/t\/wp-content\/uploads\/2025\/02\/imgp9598-300x200.jpg 300w, https:\/\/wgphoto.pl\/t\/wp-content\/uploads\/2025\/02\/imgp9598-768x513.jpg 768w\" sizes=\"auto, (max-width: 1000px) 100vw, 1000px\" \/><\/figure>\n\n\n\n<div class=\"wp-block-group has-global-padding is-layout-constrained wp-block-group-is-layout-constrained\">\n<p>Gera, N\u00fcrnberger Stra\u00dfe. Do 2006 roku tr\u00f3jk\u0105t torowy Lusan by\u0142 jedynym skrzy\u017cowaniem tramwajowym w mie\u015bcie. Od trasy d\u0142ugiej linii 3 odga\u0142\u0119zia si\u0119 tutaj kr\u00f3ciutka dw\u00f3jka, przy trasie kt\u00f3rej zlokalizowano tak\u017ce zajezdni\u0119. 2009-09-10<\/p>\n<\/div>\n","protected":false},"excerpt":{"rendered":"<p>Gera, N\u00fcrnberger Stra\u00dfe. Do 2006 roku tr\u00f3jk\u0105t torowy Lusan by\u0142 jedynym skrzy\u017cowaniem tramwajowym w mie\u015bcie. Od trasy d\u0142ugiej linii 3 odga\u0142\u0119zia si\u0119 tutaj kr\u00f3ciutka dw\u00f3jka, przy trasie kt\u00f3rej zlokalizowano tak\u017ce zajezdni\u0119. 2009-09-10<\/p>\n","protected":false},"author":1,"featured_media":12392,"comment_status":"open","ping_status":"","sticky":false,"template":"","format":"standard","meta":{"footnotes":""},"categories":[169,3],"tags":[490,1408,1009,2076,23],"class_list":["post-12391","post","type-post","status-publish","format-standard","has-post-thumbnail","hentry","category-rok-2009","category-tramwaj","tag-2009-09-10","tag-alstom-citadis200","tag-gera","tag-gvb-gera","tag-niemcy"],"_links":{"self":[{"href":"https:\/\/wgphoto.pl\/t\/index.php?rest_route=\/wp\/v2\/posts\/12391","targetHints":{"allow":["GET"]}}],"collection":[{"href":"https:\/\/wgphoto.pl\/t\/index.php?rest_route=\/wp\/v2\/posts"}],"about":[{"href":"https:\/\/wgphoto.pl\/t\/index.php?rest_route=\/wp\/v2\/types\/post"}],"author":[{"embeddable":true,"href":"https:\/\/wgphoto.pl\/t\/index.php?rest_route=\/wp\/v2\/users\/1"}],"replies":[{"embeddable":true,"href":"https:\/\/wgphoto.pl\/t\/index.php?rest_route=%2Fwp%2Fv2%2Fcomments&post=12391"}],"version-history":[{"count":1,"href":"https:\/\/wgphoto.pl\/t\/index.php?rest_route=\/wp\/v2\/posts\/12391\/revisions"}],"predecessor-version":[{"id":12393,"href":"https:\/\/wgphoto.pl\/t\/index.php?rest_route=\/wp\/v2\/posts\/12391\/revisions\/12393"}],"wp:featuredmedia":[{"embeddable":true,"href":"https:\/\/wgphoto.pl\/t\/index.php?rest_route=\/wp\/v2\/media\/12392"}],"wp:attachment":[{"href":"https:\/\/wgphoto.pl\/t\/index.php?rest_route=%2Fwp%2Fv2%2Fmedia&parent=12391"}],"wp:term":[{"taxonomy":"category","embeddable":true,"href":"https:\/\/wgphoto.pl\/t\/index.php?rest_route=%2Fwp%2Fv2%2Fcategories&post=12391"},{"taxonomy":"post_tag","embeddable":true,"href":"https:\/\/wgphoto.pl\/t\/index.php?rest_route=%2Fwp%2Fv2%2Ftags&post=12391"}],"curies":[{"name":"wp","href":"https:\/\/api.w.org\/{rel}","templated":true}]}}