{"id":12394,"date":"2025-02-21T17:21:17","date_gmt":"2025-02-21T16:21:17","guid":{"rendered":"https:\/\/wgphoto.pl\/t\/?p=12394"},"modified":"2025-02-21T17:21:17","modified_gmt":"2025-02-21T16:21:17","slug":"bloki-2","status":"publish","type":"post","link":"https:\/\/wgphoto.pl\/t\/?p=12394","title":{"rendered":"Bloki"},"content":{"rendered":"\n<figure class=\"wp-block-image aligncenter size-full\"><img loading=\"lazy\" decoding=\"async\" width=\"1300\" height=\"870\" src=\"https:\/\/wgphoto.pl\/t\/wp-content\/uploads\/2025\/02\/imgp9589.jpg\" alt=\"\" class=\"wp-image-12395\" srcset=\"https:\/\/wgphoto.pl\/t\/wp-content\/uploads\/2025\/02\/imgp9589.jpg 1300w, https:\/\/wgphoto.pl\/t\/wp-content\/uploads\/2025\/02\/imgp9589-300x201.jpg 300w, https:\/\/wgphoto.pl\/t\/wp-content\/uploads\/2025\/02\/imgp9589-768x514.jpg 768w\" sizes=\"auto, (max-width: 1300px) 100vw, 1300px\" \/><\/figure>\n\n\n\n<div class=\"wp-block-group has-global-padding is-layout-constrained wp-block-group-is-layout-constrained\">\n<p>Gera, N\u00fcrnberger Stra\u00dfe. Sk\u0142ad KT4DMC 360+? zatrzymuje si\u0119 na przystanku Bruno-Brause-Stra\u00dfe. 2009-09-10<\/p>\n<\/div>\n","protected":false},"excerpt":{"rendered":"<p>Gera, N\u00fcrnberger Stra\u00dfe. Sk\u0142ad KT4DMC 360+? zatrzymuje si\u0119 na przystanku Bruno-Brause-Stra\u00dfe. 2009-09-10<\/p>\n","protected":false},"author":1,"featured_media":12395,"comment_status":"open","ping_status":"","sticky":false,"template":"","format":"standard","meta":{"footnotes":""},"categories":[169,3],"tags":[490,1009,2076,23,118,143,33],"class_list":["post-12394","post","type-post","status-publish","format-standard","has-post-thumbnail","hentry","category-rok-2009","category-tramwaj","tag-2009-09-10","tag-gera","tag-gvb-gera","tag-niemcy","tag-plany-i-profile","tag-ponad-30m","tag-tatra-kt4"],"_links":{"self":[{"href":"https:\/\/wgphoto.pl\/t\/index.php?rest_route=\/wp\/v2\/posts\/12394","targetHints":{"allow":["GET"]}}],"collection":[{"href":"https:\/\/wgphoto.pl\/t\/index.php?rest_route=\/wp\/v2\/posts"}],"about":[{"href":"https:\/\/wgphoto.pl\/t\/index.php?rest_route=\/wp\/v2\/types\/post"}],"author":[{"embeddable":true,"href":"https:\/\/wgphoto.pl\/t\/index.php?rest_route=\/wp\/v2\/users\/1"}],"replies":[{"embeddable":true,"href":"https:\/\/wgphoto.pl\/t\/index.php?rest_route=%2Fwp%2Fv2%2Fcomments&post=12394"}],"version-history":[{"count":1,"href":"https:\/\/wgphoto.pl\/t\/index.php?rest_route=\/wp\/v2\/posts\/12394\/revisions"}],"predecessor-version":[{"id":12396,"href":"https:\/\/wgphoto.pl\/t\/index.php?rest_route=\/wp\/v2\/posts\/12394\/revisions\/12396"}],"wp:featuredmedia":[{"embeddable":true,"href":"https:\/\/wgphoto.pl\/t\/index.php?rest_route=\/wp\/v2\/media\/12395"}],"wp:attachment":[{"href":"https:\/\/wgphoto.pl\/t\/index.php?rest_route=%2Fwp%2Fv2%2Fmedia&parent=12394"}],"wp:term":[{"taxonomy":"category","embeddable":true,"href":"https:\/\/wgphoto.pl\/t\/index.php?rest_route=%2Fwp%2Fv2%2Fcategories&post=12394"},{"taxonomy":"post_tag","embeddable":true,"href":"https:\/\/wgphoto.pl\/t\/index.php?rest_route=%2Fwp%2Fv2%2Ftags&post=12394"}],"curies":[{"name":"wp","href":"https:\/\/api.w.org\/{rel}","templated":true}]}}