{"id":12397,"date":"2025-02-21T17:22:09","date_gmt":"2025-02-21T16:22:09","guid":{"rendered":"https:\/\/wgphoto.pl\/t\/?p=12397"},"modified":"2025-02-21T17:22:09","modified_gmt":"2025-02-21T16:22:09","slug":"bloki-i-oma","status":"publish","type":"post","link":"https:\/\/wgphoto.pl\/t\/?p=12397","title":{"rendered":"Bloki i Oma"},"content":{"rendered":"\n<figure class=\"wp-block-image aligncenter size-full\"><img loading=\"lazy\" decoding=\"async\" width=\"1200\" height=\"803\" src=\"https:\/\/wgphoto.pl\/t\/wp-content\/uploads\/2025\/02\/imgp9583.jpg\" alt=\"\" class=\"wp-image-12398\" srcset=\"https:\/\/wgphoto.pl\/t\/wp-content\/uploads\/2025\/02\/imgp9583.jpg 1200w, https:\/\/wgphoto.pl\/t\/wp-content\/uploads\/2025\/02\/imgp9583-300x201.jpg 300w, https:\/\/wgphoto.pl\/t\/wp-content\/uploads\/2025\/02\/imgp9583-768x514.jpg 768w\" sizes=\"auto, (max-width: 1200px) 100vw, 1200px\" \/><\/figure>\n\n\n\n<div class=\"wp-block-group has-global-padding is-layout-constrained wp-block-group-is-layout-constrained\">\n<p>Gera, N\u00fcrnberger Stra\u00dfe. Zestaw KT4DMC 307+? oczekuje na pasa\u017cer\u00f3w na pocz\u0105tkowym przystanku Lusan\/Zeulsdorf. Typowe enerdowo: czechos\u0142owacki tramwaj wo\u017c\u0105cy omy na blokowisko. 2009-09-10<\/p>\n<\/div>\n","protected":false},"excerpt":{"rendered":"<p>Gera, N\u00fcrnberger Stra\u00dfe. Zestaw KT4DMC 307+? oczekuje na pasa\u017cer\u00f3w na pocz\u0105tkowym przystanku Lusan\/Zeulsdorf. Typowe enerdowo: czechos\u0142owacki tramwaj wo\u017c\u0105cy omy na blokowisko. 2009-09-10<\/p>\n","protected":false},"author":1,"featured_media":12398,"comment_status":"open","ping_status":"","sticky":false,"template":"","format":"standard","meta":{"footnotes":""},"categories":[169,3],"tags":[490,34,1009,2076,23,143,33],"class_list":["post-12397","post","type-post","status-publish","format-standard","has-post-thumbnail","hentry","category-rok-2009","category-tramwaj","tag-2009-09-10","tag-architektura","tag-gera","tag-gvb-gera","tag-niemcy","tag-ponad-30m","tag-tatra-kt4"],"_links":{"self":[{"href":"https:\/\/wgphoto.pl\/t\/index.php?rest_route=\/wp\/v2\/posts\/12397","targetHints":{"allow":["GET"]}}],"collection":[{"href":"https:\/\/wgphoto.pl\/t\/index.php?rest_route=\/wp\/v2\/posts"}],"about":[{"href":"https:\/\/wgphoto.pl\/t\/index.php?rest_route=\/wp\/v2\/types\/post"}],"author":[{"embeddable":true,"href":"https:\/\/wgphoto.pl\/t\/index.php?rest_route=\/wp\/v2\/users\/1"}],"replies":[{"embeddable":true,"href":"https:\/\/wgphoto.pl\/t\/index.php?rest_route=%2Fwp%2Fv2%2Fcomments&post=12397"}],"version-history":[{"count":1,"href":"https:\/\/wgphoto.pl\/t\/index.php?rest_route=\/wp\/v2\/posts\/12397\/revisions"}],"predecessor-version":[{"id":12399,"href":"https:\/\/wgphoto.pl\/t\/index.php?rest_route=\/wp\/v2\/posts\/12397\/revisions\/12399"}],"wp:featuredmedia":[{"embeddable":true,"href":"https:\/\/wgphoto.pl\/t\/index.php?rest_route=\/wp\/v2\/media\/12398"}],"wp:attachment":[{"href":"https:\/\/wgphoto.pl\/t\/index.php?rest_route=%2Fwp%2Fv2%2Fmedia&parent=12397"}],"wp:term":[{"taxonomy":"category","embeddable":true,"href":"https:\/\/wgphoto.pl\/t\/index.php?rest_route=%2Fwp%2Fv2%2Fcategories&post=12397"},{"taxonomy":"post_tag","embeddable":true,"href":"https:\/\/wgphoto.pl\/t\/index.php?rest_route=%2Fwp%2Fv2%2Ftags&post=12397"}],"curies":[{"name":"wp","href":"https:\/\/api.w.org\/{rel}","templated":true}]}}