{"id":124,"date":"2024-09-28T15:17:29","date_gmt":"2024-09-28T13:17:29","guid":{"rendered":"https:\/\/wgphoto.pl\/t\/?p=124"},"modified":"2024-09-28T15:19:17","modified_gmt":"2024-09-28T13:19:17","slug":"zima","status":"publish","type":"post","link":"https:\/\/wgphoto.pl\/t\/?p=124","title":{"rendered":"Zima"},"content":{"rendered":"\n<figure class=\"wp-block-image aligncenter size-full\"><img loading=\"lazy\" decoding=\"async\" width=\"900\" height=\"601\" src=\"https:\/\/wgphoto.pl\/t\/wp-content\/uploads\/20120509203503_imgp6527.jpg\" alt=\"\" class=\"wp-image-125\" srcset=\"https:\/\/wgphoto.pl\/t\/wp-content\/uploads\/20120509203503_imgp6527.jpg 900w, https:\/\/wgphoto.pl\/t\/wp-content\/uploads\/20120509203503_imgp6527-300x200.jpg 300w, https:\/\/wgphoto.pl\/t\/wp-content\/uploads\/20120509203503_imgp6527-768x513.jpg 768w\" sizes=\"auto, (max-width: 900px) 100vw, 900px\" \/><\/figure>\n\n\n\n<p class=\"has-text-align-center\">Wroc\u0142aw, most Zwierzyniecki. Nieznany z numer\u00f3w sk\u0142ad typu 105NWr przeprawia si\u0119 na Wielk\u0105 Wysp\u0119. [11.02.2012]<\/p>\n","protected":false},"excerpt":{"rendered":"<p>Wroc\u0142aw, most Zwierzyniecki. Nieznany z numer\u00f3w sk\u0142ad typu 105NWr przeprawia si\u0119 na Wielk\u0105 Wysp\u0119. [11.02.2012]<\/p>\n","protected":false},"author":1,"featured_media":125,"comment_status":"open","ping_status":"","sticky":false,"template":"","format":"standard","meta":{"footnotes":""},"categories":[46,3],"tags":[43,47,45,42,27,44,41],"class_list":["post-124","post","type-post","status-publish","format-standard","has-post-thumbnail","hentry","category-rok-2012","category-tramwaj","tag-105nwr","tag-2012-02-11","tag-most","tag-mpk-wroclaw","tag-polska","tag-snieg","tag-wroclaw"],"_links":{"self":[{"href":"https:\/\/wgphoto.pl\/t\/index.php?rest_route=\/wp\/v2\/posts\/124","targetHints":{"allow":["GET"]}}],"collection":[{"href":"https:\/\/wgphoto.pl\/t\/index.php?rest_route=\/wp\/v2\/posts"}],"about":[{"href":"https:\/\/wgphoto.pl\/t\/index.php?rest_route=\/wp\/v2\/types\/post"}],"author":[{"embeddable":true,"href":"https:\/\/wgphoto.pl\/t\/index.php?rest_route=\/wp\/v2\/users\/1"}],"replies":[{"embeddable":true,"href":"https:\/\/wgphoto.pl\/t\/index.php?rest_route=%2Fwp%2Fv2%2Fcomments&post=124"}],"version-history":[{"count":2,"href":"https:\/\/wgphoto.pl\/t\/index.php?rest_route=\/wp\/v2\/posts\/124\/revisions"}],"predecessor-version":[{"id":128,"href":"https:\/\/wgphoto.pl\/t\/index.php?rest_route=\/wp\/v2\/posts\/124\/revisions\/128"}],"wp:featuredmedia":[{"embeddable":true,"href":"https:\/\/wgphoto.pl\/t\/index.php?rest_route=\/wp\/v2\/media\/125"}],"wp:attachment":[{"href":"https:\/\/wgphoto.pl\/t\/index.php?rest_route=%2Fwp%2Fv2%2Fmedia&parent=124"}],"wp:term":[{"taxonomy":"category","embeddable":true,"href":"https:\/\/wgphoto.pl\/t\/index.php?rest_route=%2Fwp%2Fv2%2Fcategories&post=124"},{"taxonomy":"post_tag","embeddable":true,"href":"https:\/\/wgphoto.pl\/t\/index.php?rest_route=%2Fwp%2Fv2%2Ftags&post=124"}],"curies":[{"name":"wp","href":"https:\/\/api.w.org\/{rel}","templated":true}]}}