{"id":12400,"date":"2025-02-21T17:23:09","date_gmt":"2025-02-21T16:23:09","guid":{"rendered":"https:\/\/wgphoto.pl\/t\/?p=12400"},"modified":"2025-02-21T17:23:09","modified_gmt":"2025-02-21T16:23:09","slug":"kamienice-i-czekolada","status":"publish","type":"post","link":"https:\/\/wgphoto.pl\/t\/?p=12400","title":{"rendered":"Kamienice i czekolada"},"content":{"rendered":"\n<figure class=\"wp-block-image aligncenter size-full\"><img loading=\"lazy\" decoding=\"async\" width=\"1300\" height=\"870\" src=\"https:\/\/wgphoto.pl\/t\/wp-content\/uploads\/2025\/02\/imgp9610.jpg\" alt=\"\" class=\"wp-image-12401\" srcset=\"https:\/\/wgphoto.pl\/t\/wp-content\/uploads\/2025\/02\/imgp9610.jpg 1300w, https:\/\/wgphoto.pl\/t\/wp-content\/uploads\/2025\/02\/imgp9610-300x201.jpg 300w, https:\/\/wgphoto.pl\/t\/wp-content\/uploads\/2025\/02\/imgp9610-768x514.jpg 768w\" sizes=\"auto, (max-width: 1300px) 100vw, 1300px\" \/><\/figure>\n\n\n\n<div class=\"wp-block-group has-global-padding is-layout-constrained wp-block-group-is-layout-constrained\">\n<p>Gera, Wiesestra\u00dfe. Sk\u0142ady zestawione z dw\u00f3ch kat\u00f3wek, z kt\u00f3rych jedn\u0105 wyposa\u017cono w \u015brodkowy cz\u0142on niskopod\u0142ogowy (na zdj\u0119ciu KTNF8 350 + KT4DMC ?) s\u0105 obecnie najd\u0142u\u017cszymi tramwajami, jakie mo\u017cna spotka\u0107 w Gerze. Obs\u0142uguj\u0105 &#8211; na sp\u00f3\u0142k\u0119 z zestawami 2xKT4 oraz niskopod\u0142ogowcami wsp\u00f3\u0142czesnej konstrukcji NGT8G &#8211; ci\u0105gn\u0105c\u0105 si\u0119 przez ca\u0142e miasto lini\u0119 3. 2009-09-10<\/p>\n<\/div>\n","protected":false},"excerpt":{"rendered":"<p>Gera, Wiesestra\u00dfe. Sk\u0142ady zestawione z dw\u00f3ch kat\u00f3wek, z kt\u00f3rych jedn\u0105 wyposa\u017cono w \u015brodkowy cz\u0142on niskopod\u0142ogowy (na zdj\u0119ciu KTNF8 350 + KT4DMC ?) s\u0105 obecnie najd\u0142u\u017cszymi tramwajami, jakie mo\u017cna spotka\u0107 w Gerze. Obs\u0142uguj\u0105 &#8211; na sp\u00f3\u0142k\u0119 z zestawami 2xKT4 oraz niskopod\u0142ogowcami wsp\u00f3\u0142czesnej konstrukcji NGT8G &#8211; ci\u0105gn\u0105c\u0105 si\u0119 przez ca\u0142e miasto lini\u0119 3. 2009-09-10<\/p>\n","protected":false},"author":1,"featured_media":12401,"comment_status":"open","ping_status":"","sticky":false,"template":"","format":"standard","meta":{"footnotes":""},"categories":[169,3],"tags":[490,1009,2076,23,143,33,2240],"class_list":["post-12400","post","type-post","status-publish","format-standard","has-post-thumbnail","hentry","category-rok-2009","category-tramwaj","tag-2009-09-10","tag-gera","tag-gvb-gera","tag-niemcy","tag-ponad-30m","tag-tatra-kt4","tag-tatra-ktnf"],"_links":{"self":[{"href":"https:\/\/wgphoto.pl\/t\/index.php?rest_route=\/wp\/v2\/posts\/12400","targetHints":{"allow":["GET"]}}],"collection":[{"href":"https:\/\/wgphoto.pl\/t\/index.php?rest_route=\/wp\/v2\/posts"}],"about":[{"href":"https:\/\/wgphoto.pl\/t\/index.php?rest_route=\/wp\/v2\/types\/post"}],"author":[{"embeddable":true,"href":"https:\/\/wgphoto.pl\/t\/index.php?rest_route=\/wp\/v2\/users\/1"}],"replies":[{"embeddable":true,"href":"https:\/\/wgphoto.pl\/t\/index.php?rest_route=%2Fwp%2Fv2%2Fcomments&post=12400"}],"version-history":[{"count":1,"href":"https:\/\/wgphoto.pl\/t\/index.php?rest_route=\/wp\/v2\/posts\/12400\/revisions"}],"predecessor-version":[{"id":12402,"href":"https:\/\/wgphoto.pl\/t\/index.php?rest_route=\/wp\/v2\/posts\/12400\/revisions\/12402"}],"wp:featuredmedia":[{"embeddable":true,"href":"https:\/\/wgphoto.pl\/t\/index.php?rest_route=\/wp\/v2\/media\/12401"}],"wp:attachment":[{"href":"https:\/\/wgphoto.pl\/t\/index.php?rest_route=%2Fwp%2Fv2%2Fmedia&parent=12400"}],"wp:term":[{"taxonomy":"category","embeddable":true,"href":"https:\/\/wgphoto.pl\/t\/index.php?rest_route=%2Fwp%2Fv2%2Fcategories&post=12400"},{"taxonomy":"post_tag","embeddable":true,"href":"https:\/\/wgphoto.pl\/t\/index.php?rest_route=%2Fwp%2Fv2%2Ftags&post=12400"}],"curies":[{"name":"wp","href":"https:\/\/api.w.org\/{rel}","templated":true}]}}