{"id":12403,"date":"2025-02-21T17:24:22","date_gmt":"2025-02-21T16:24:22","guid":{"rendered":"https:\/\/wgphoto.pl\/t\/?p=12403"},"modified":"2025-02-21T17:24:22","modified_gmt":"2025-02-21T16:24:22","slug":"blokowisko-widokowe","status":"publish","type":"post","link":"https:\/\/wgphoto.pl\/t\/?p=12403","title":{"rendered":"Blokowisko widokowe"},"content":{"rendered":"\n<figure class=\"wp-block-image aligncenter size-full\"><img loading=\"lazy\" decoding=\"async\" width=\"1300\" height=\"870\" src=\"https:\/\/wgphoto.pl\/t\/wp-content\/uploads\/2025\/02\/imgp9640-09.jpg\" alt=\"\" class=\"wp-image-12404\" srcset=\"https:\/\/wgphoto.pl\/t\/wp-content\/uploads\/2025\/02\/imgp9640-09.jpg 1300w, https:\/\/wgphoto.pl\/t\/wp-content\/uploads\/2025\/02\/imgp9640-09-300x201.jpg 300w, https:\/\/wgphoto.pl\/t\/wp-content\/uploads\/2025\/02\/imgp9640-09-768x514.jpg 768w\" sizes=\"auto, (max-width: 1300px) 100vw, 1300px\" \/><\/figure>\n\n\n\n<div class=\"wp-block-group has-global-padding is-layout-constrained wp-block-group-is-layout-constrained\">\n<p>Gera, Th\u00fcringer Stra\u00dfe. Osiedle Bieblach, po\u0142o\u017cone w p\u00f3\u0142nocno-wschodniej cz\u0119\u015bci miasta, za spraw\u0105 pochowanych w krzakach blok\u00f3w oraz widoku na dolin\u0119 Elstery, sprawia zupe\u0142nie odmienne wra\u017cenie ni\u017c le\u017c\u0105ce na po\u0142udniu miasta blokowisko Lusan. 2009-09-10<\/p>\n<\/div>\n","protected":false},"excerpt":{"rendered":"<p>Gera, Th\u00fcringer Stra\u00dfe. Osiedle Bieblach, po\u0142o\u017cone w p\u00f3\u0142nocno-wschodniej cz\u0119\u015bci miasta, za spraw\u0105 pochowanych w krzakach blok\u00f3w oraz widoku na dolin\u0119 Elstery, sprawia zupe\u0142nie odmienne wra\u017cenie ni\u017c le\u017c\u0105ce na po\u0142udniu miasta blokowisko Lusan. 2009-09-10<\/p>\n","protected":false},"author":1,"featured_media":12404,"comment_status":"open","ping_status":"","sticky":false,"template":"","format":"standard","meta":{"footnotes":""},"categories":[169,3],"tags":[490,1009,2076,113,23,118,143,33,2240],"class_list":["post-12403","post","type-post","status-publish","format-standard","has-post-thumbnail","hentry","category-rok-2009","category-tramwaj","tag-2009-09-10","tag-gera","tag-gvb-gera","tag-landszaft","tag-niemcy","tag-plany-i-profile","tag-ponad-30m","tag-tatra-kt4","tag-tatra-ktnf"],"_links":{"self":[{"href":"https:\/\/wgphoto.pl\/t\/index.php?rest_route=\/wp\/v2\/posts\/12403","targetHints":{"allow":["GET"]}}],"collection":[{"href":"https:\/\/wgphoto.pl\/t\/index.php?rest_route=\/wp\/v2\/posts"}],"about":[{"href":"https:\/\/wgphoto.pl\/t\/index.php?rest_route=\/wp\/v2\/types\/post"}],"author":[{"embeddable":true,"href":"https:\/\/wgphoto.pl\/t\/index.php?rest_route=\/wp\/v2\/users\/1"}],"replies":[{"embeddable":true,"href":"https:\/\/wgphoto.pl\/t\/index.php?rest_route=%2Fwp%2Fv2%2Fcomments&post=12403"}],"version-history":[{"count":1,"href":"https:\/\/wgphoto.pl\/t\/index.php?rest_route=\/wp\/v2\/posts\/12403\/revisions"}],"predecessor-version":[{"id":12405,"href":"https:\/\/wgphoto.pl\/t\/index.php?rest_route=\/wp\/v2\/posts\/12403\/revisions\/12405"}],"wp:featuredmedia":[{"embeddable":true,"href":"https:\/\/wgphoto.pl\/t\/index.php?rest_route=\/wp\/v2\/media\/12404"}],"wp:attachment":[{"href":"https:\/\/wgphoto.pl\/t\/index.php?rest_route=%2Fwp%2Fv2%2Fmedia&parent=12403"}],"wp:term":[{"taxonomy":"category","embeddable":true,"href":"https:\/\/wgphoto.pl\/t\/index.php?rest_route=%2Fwp%2Fv2%2Fcategories&post=12403"},{"taxonomy":"post_tag","embeddable":true,"href":"https:\/\/wgphoto.pl\/t\/index.php?rest_route=%2Fwp%2Fv2%2Ftags&post=12403"}],"curies":[{"name":"wp","href":"https:\/\/api.w.org\/{rel}","templated":true}]}}