{"id":1244,"date":"2024-10-02T20:20:52","date_gmt":"2024-10-02T18:20:52","guid":{"rendered":"https:\/\/wgphoto.pl\/t\/?p=1244"},"modified":"2026-02-22T23:16:22","modified_gmt":"2026-02-22T22:16:22","slug":"o-tym-ze-swiatlo-robi-robote","status":"publish","type":"post","link":"https:\/\/wgphoto.pl\/t\/?p=1244","title":{"rendered":"O tym, \u017ce \u015bwiat\u0142o robi robot\u0119"},"content":{"rendered":"\n<figure class=\"wp-block-image aligncenter size-full\"><img loading=\"lazy\" decoding=\"async\" width=\"1300\" height=\"861\" src=\"https:\/\/wgphoto.pl\/t\/wp-content\/uploads\/2024\/10\/IMGP2063.jpg\" alt=\"\" class=\"wp-image-1245\" srcset=\"https:\/\/wgphoto.pl\/t\/wp-content\/uploads\/2024\/10\/IMGP2063.jpg 1300w, https:\/\/wgphoto.pl\/t\/wp-content\/uploads\/2024\/10\/IMGP2063-300x199.jpg 300w, https:\/\/wgphoto.pl\/t\/wp-content\/uploads\/2024\/10\/IMGP2063-768x509.jpg 768w\" sizes=\"auto, (max-width: 1300px) 100vw, 1300px\" \/><\/figure>\n\n\n\n<div class=\"wp-block-group has-global-padding is-layout-constrained wp-block-group-is-layout-constrained\">\n<p>\u2026chocia\u017c zabrak\u0142o troch\u0119 ostro\u015bci. Wiede\u0144, stacja Stadtpark, w dalsz\u0105 drog\u0119 odje\u017cd\u017ca poci\u0105g typu U\/U1\/U11 linii U4. [28.12.2013]<\/p>\n<\/div>\n","protected":false},"excerpt":{"rendered":"<p>\u2026chocia\u017c zabrak\u0142o troch\u0119 ostro\u015bci. Wiede\u0144, stacja Stadtpark, w dalsz\u0105 drog\u0119 odje\u017cd\u017ca poci\u0105g typu U\/U1\/U11 linii U4. [28.12.2013]<\/p>\n","protected":false},"author":1,"featured_media":1245,"comment_status":"open","ping_status":"","sticky":false,"template":"","format":"standard","meta":{"footnotes":""},"categories":[4,55],"tags":[587,9,91,173,276,4680,99,90,97,98],"class_list":["post-1244","post","type-post","status-publish","format-standard","has-post-thumbnail","hentry","category-metro","category-rok-2013","tag-2013-12-28","tag-austria","tag-blue-hour","tag-koncowki","tag-stacje-wiedenskiego-metra","tag-u","tag-u-bahn-wien","tag-wieczorem","tag-wieden","tag-wiener-linien"],"_links":{"self":[{"href":"https:\/\/wgphoto.pl\/t\/index.php?rest_route=\/wp\/v2\/posts\/1244","targetHints":{"allow":["GET"]}}],"collection":[{"href":"https:\/\/wgphoto.pl\/t\/index.php?rest_route=\/wp\/v2\/posts"}],"about":[{"href":"https:\/\/wgphoto.pl\/t\/index.php?rest_route=\/wp\/v2\/types\/post"}],"author":[{"embeddable":true,"href":"https:\/\/wgphoto.pl\/t\/index.php?rest_route=\/wp\/v2\/users\/1"}],"replies":[{"embeddable":true,"href":"https:\/\/wgphoto.pl\/t\/index.php?rest_route=%2Fwp%2Fv2%2Fcomments&post=1244"}],"version-history":[{"count":1,"href":"https:\/\/wgphoto.pl\/t\/index.php?rest_route=\/wp\/v2\/posts\/1244\/revisions"}],"predecessor-version":[{"id":1246,"href":"https:\/\/wgphoto.pl\/t\/index.php?rest_route=\/wp\/v2\/posts\/1244\/revisions\/1246"}],"wp:featuredmedia":[{"embeddable":true,"href":"https:\/\/wgphoto.pl\/t\/index.php?rest_route=\/wp\/v2\/media\/1245"}],"wp:attachment":[{"href":"https:\/\/wgphoto.pl\/t\/index.php?rest_route=%2Fwp%2Fv2%2Fmedia&parent=1244"}],"wp:term":[{"taxonomy":"category","embeddable":true,"href":"https:\/\/wgphoto.pl\/t\/index.php?rest_route=%2Fwp%2Fv2%2Fcategories&post=1244"},{"taxonomy":"post_tag","embeddable":true,"href":"https:\/\/wgphoto.pl\/t\/index.php?rest_route=%2Fwp%2Fv2%2Ftags&post=1244"}],"curies":[{"name":"wp","href":"https:\/\/api.w.org\/{rel}","templated":true}]}}