{"id":12446,"date":"2025-02-21T17:44:16","date_gmt":"2025-02-21T16:44:16","guid":{"rendered":"https:\/\/wgphoto.pl\/t\/?p=12446"},"modified":"2025-02-21T18:30:47","modified_gmt":"2025-02-21T17:30:47","slug":"kt4dmc-nr-936-zwickau","status":"publish","type":"post","link":"https:\/\/wgphoto.pl\/t\/?p=12446","title":{"rendered":"KT4DMC nr 936, Zwickau"},"content":{"rendered":"\n<figure class=\"wp-block-image aligncenter size-full\"><img loading=\"lazy\" decoding=\"async\" width=\"1300\" height=\"870\" src=\"https:\/\/wgphoto.pl\/t\/wp-content\/uploads\/2025\/02\/imgp9408.jpg\" alt=\"\" class=\"wp-image-12447\" srcset=\"https:\/\/wgphoto.pl\/t\/wp-content\/uploads\/2025\/02\/imgp9408.jpg 1300w, https:\/\/wgphoto.pl\/t\/wp-content\/uploads\/2025\/02\/imgp9408-300x201.jpg 300w, https:\/\/wgphoto.pl\/t\/wp-content\/uploads\/2025\/02\/imgp9408-768x514.jpg 768w\" sizes=\"auto, (max-width: 1300px) 100vw, 1300px\" \/><\/figure>\n\n\n\n<div class=\"wp-block-group has-global-padding is-layout-constrained wp-block-group-is-layout-constrained\">\n<p>Zwickau, Sternenstra\u00dfe. Widok na dolin\u0119 rzeki (w tym przypadku jest to \u0106wikowska Mulda) przypomina nieco Ger\u0119, z tym \u017ce tutaj, na blokowisko Eckersbach, tramwaj wje\u017cd\u017ca \u015brodkiem &#8222;autostrady&#8221;. BTW kiedy\u015b skre\u015bli\u0142em to zdj\u0119cie z przepa\u0142em nieba i w og\u00f3le pod s\u0142o\u0144ce robione jako kwas, a\u017c tu nagle, zapoznawszy si\u0119 z nowoczesnymi technikami obr\u00f3bki, uda\u0142o mi si\u0119 je zreanimowa\u0107, a nawet stwierdzi\u0107 \u017ce mi si\u0119 podoba. Napisa\u0142em to wrzucaj\u0105c foto w 2012 roku, obr\u00f3bka z 2020 ju\u017c mnie tak nie zadowala. \ud83d\ude09 2009-09-08<\/p>\n<\/div>\n","protected":false},"excerpt":{"rendered":"<p>Zwickau, Sternenstra\u00dfe. Widok na dolin\u0119 rzeki (w tym przypadku jest to \u0106wikowska Mulda) przypomina nieco Ger\u0119, z tym \u017ce tutaj, na blokowisko Eckersbach, tramwaj wje\u017cd\u017ca \u015brodkiem &#8222;autostrady&#8221;. BTW kiedy\u015b skre\u015bli\u0142em to zdj\u0119cie z przepa\u0142em nieba i w og\u00f3le pod s\u0142o\u0144ce robione jako kwas, a\u017c tu nagle, zapoznawszy si\u0119 z nowoczesnymi technikami obr\u00f3bki, uda\u0142o mi si\u0119 [&hellip;]<\/p>\n","protected":false},"author":1,"featured_media":12447,"comment_status":"open","ping_status":"","sticky":false,"template":"","format":"standard","meta":{"footnotes":""},"categories":[169,3],"tags":[731,23,181,1335,33,1332],"class_list":["post-12446","post","type-post","status-publish","format-standard","has-post-thumbnail","hentry","category-rok-2009","category-tramwaj","tag-2009-09-08","tag-niemcy","tag-slonce","tag-svz-zwickau","tag-tatra-kt4","tag-zwickau"],"_links":{"self":[{"href":"https:\/\/wgphoto.pl\/t\/index.php?rest_route=\/wp\/v2\/posts\/12446","targetHints":{"allow":["GET"]}}],"collection":[{"href":"https:\/\/wgphoto.pl\/t\/index.php?rest_route=\/wp\/v2\/posts"}],"about":[{"href":"https:\/\/wgphoto.pl\/t\/index.php?rest_route=\/wp\/v2\/types\/post"}],"author":[{"embeddable":true,"href":"https:\/\/wgphoto.pl\/t\/index.php?rest_route=\/wp\/v2\/users\/1"}],"replies":[{"embeddable":true,"href":"https:\/\/wgphoto.pl\/t\/index.php?rest_route=%2Fwp%2Fv2%2Fcomments&post=12446"}],"version-history":[{"count":2,"href":"https:\/\/wgphoto.pl\/t\/index.php?rest_route=\/wp\/v2\/posts\/12446\/revisions"}],"predecessor-version":[{"id":12452,"href":"https:\/\/wgphoto.pl\/t\/index.php?rest_route=\/wp\/v2\/posts\/12446\/revisions\/12452"}],"wp:featuredmedia":[{"embeddable":true,"href":"https:\/\/wgphoto.pl\/t\/index.php?rest_route=\/wp\/v2\/media\/12447"}],"wp:attachment":[{"href":"https:\/\/wgphoto.pl\/t\/index.php?rest_route=%2Fwp%2Fv2%2Fmedia&parent=12446"}],"wp:term":[{"taxonomy":"category","embeddable":true,"href":"https:\/\/wgphoto.pl\/t\/index.php?rest_route=%2Fwp%2Fv2%2Fcategories&post=12446"},{"taxonomy":"post_tag","embeddable":true,"href":"https:\/\/wgphoto.pl\/t\/index.php?rest_route=%2Fwp%2Fv2%2Ftags&post=12446"}],"curies":[{"name":"wp","href":"https:\/\/api.w.org\/{rel}","templated":true}]}}