{"id":12449,"date":"2025-02-21T17:45:21","date_gmt":"2025-02-21T16:45:21","guid":{"rendered":"https:\/\/wgphoto.pl\/t\/?p=12449"},"modified":"2025-02-21T17:45:21","modified_gmt":"2025-02-21T16:45:21","slug":"kt4dmc-nr-944-zwickau","status":"publish","type":"post","link":"https:\/\/wgphoto.pl\/t\/?p=12449","title":{"rendered":"KT4DMC nr 944, Zwickau"},"content":{"rendered":"\n<figure class=\"wp-block-image aligncenter size-full\"><img loading=\"lazy\" decoding=\"async\" width=\"750\" height=\"1000\" src=\"https:\/\/wgphoto.pl\/t\/wp-content\/uploads\/2025\/02\/imgp9456-09.jpg\" alt=\"\" class=\"wp-image-12450\" srcset=\"https:\/\/wgphoto.pl\/t\/wp-content\/uploads\/2025\/02\/imgp9456-09.jpg 750w, https:\/\/wgphoto.pl\/t\/wp-content\/uploads\/2025\/02\/imgp9456-09-225x300.jpg 225w\" sizes=\"auto, (max-width: 750px) 100vw, 750px\" \/><\/figure>\n\n\n\n<div class=\"wp-block-group has-global-padding is-layout-constrained wp-block-group-is-layout-constrained\">\n<p>Zwickau, Werdauer Stra\u00dfe. Tytu\u0142owy wagon minie za chwil\u0119 wiadukt kolejowy. 08.09.2009<\/p>\n<\/div>\n","protected":false},"excerpt":{"rendered":"<p>Zwickau, Werdauer Stra\u00dfe. Tytu\u0142owy wagon minie za chwil\u0119 wiadukt kolejowy. 08.09.2009<\/p>\n","protected":false},"author":1,"featured_media":12450,"comment_status":"open","ping_status":"","sticky":false,"template":"","format":"standard","meta":{"footnotes":""},"categories":[128,169,3],"tags":[731,23,905,181,1335,33,1332],"class_list":["post-12449","post","type-post","status-publish","format-standard","has-post-thumbnail","hentry","category-pionowe","category-rok-2009","category-tramwaj","tag-2009-09-08","tag-niemcy","tag-przez","tag-slonce","tag-svz-zwickau","tag-tatra-kt4","tag-zwickau"],"_links":{"self":[{"href":"https:\/\/wgphoto.pl\/t\/index.php?rest_route=\/wp\/v2\/posts\/12449","targetHints":{"allow":["GET"]}}],"collection":[{"href":"https:\/\/wgphoto.pl\/t\/index.php?rest_route=\/wp\/v2\/posts"}],"about":[{"href":"https:\/\/wgphoto.pl\/t\/index.php?rest_route=\/wp\/v2\/types\/post"}],"author":[{"embeddable":true,"href":"https:\/\/wgphoto.pl\/t\/index.php?rest_route=\/wp\/v2\/users\/1"}],"replies":[{"embeddable":true,"href":"https:\/\/wgphoto.pl\/t\/index.php?rest_route=%2Fwp%2Fv2%2Fcomments&post=12449"}],"version-history":[{"count":1,"href":"https:\/\/wgphoto.pl\/t\/index.php?rest_route=\/wp\/v2\/posts\/12449\/revisions"}],"predecessor-version":[{"id":12451,"href":"https:\/\/wgphoto.pl\/t\/index.php?rest_route=\/wp\/v2\/posts\/12449\/revisions\/12451"}],"wp:featuredmedia":[{"embeddable":true,"href":"https:\/\/wgphoto.pl\/t\/index.php?rest_route=\/wp\/v2\/media\/12450"}],"wp:attachment":[{"href":"https:\/\/wgphoto.pl\/t\/index.php?rest_route=%2Fwp%2Fv2%2Fmedia&parent=12449"}],"wp:term":[{"taxonomy":"category","embeddable":true,"href":"https:\/\/wgphoto.pl\/t\/index.php?rest_route=%2Fwp%2Fv2%2Fcategories&post=12449"},{"taxonomy":"post_tag","embeddable":true,"href":"https:\/\/wgphoto.pl\/t\/index.php?rest_route=%2Fwp%2Fv2%2Ftags&post=12449"}],"curies":[{"name":"wp","href":"https:\/\/api.w.org\/{rel}","templated":true}]}}