{"id":12453,"date":"2025-02-21T18:38:48","date_gmt":"2025-02-21T17:38:48","guid":{"rendered":"https:\/\/wgphoto.pl\/t\/?p=12453"},"modified":"2025-02-21T18:38:48","modified_gmt":"2025-02-21T17:38:48","slug":"kt4d-nr-934940-zwickau","status":"publish","type":"post","link":"https:\/\/wgphoto.pl\/t\/?p=12453","title":{"rendered":"KT4D nr 934+940, Zwickau"},"content":{"rendered":"\n<figure class=\"wp-block-image aligncenter size-full\"><img loading=\"lazy\" decoding=\"async\" width=\"600\" height=\"850\" src=\"https:\/\/wgphoto.pl\/t\/wp-content\/uploads\/2025\/02\/imgp9840.jpg\" alt=\"\" class=\"wp-image-12454\" srcset=\"https:\/\/wgphoto.pl\/t\/wp-content\/uploads\/2025\/02\/imgp9840.jpg 600w, https:\/\/wgphoto.pl\/t\/wp-content\/uploads\/2025\/02\/imgp9840-212x300.jpg 212w\" sizes=\"auto, (max-width: 600px) 100vw, 600px\" \/><\/figure>\n\n\n\n<div class=\"wp-block-group has-global-padding is-layout-constrained wp-block-group-is-layout-constrained\">\n<p>Sk\u0142ad kat\u00f3wek zje\u017cd\u017ca z kr\u00f3tkiego splotu w pobli\u017cu \u0107wikowskich sukiennic (budynek z prawej). Zdj\u0119cia z niebieskim niebem lecz bez \u0142adnego s\u0142oneczka s\u0105 z\u0142e! 11.09.2009<\/p>\n<\/div>\n","protected":false},"excerpt":{"rendered":"<p>Sk\u0142ad kat\u00f3wek zje\u017cd\u017ca z kr\u00f3tkiego splotu w pobli\u017cu \u0107wikowskich sukiennic (budynek z prawej). Zdj\u0119cia z niebieskim niebem lecz bez \u0142adnego s\u0142oneczka s\u0105 z\u0142e! 11.09.2009<\/p>\n","protected":false},"author":1,"featured_media":12454,"comment_status":"open","ping_status":"","sticky":false,"template":"","format":"standard","meta":{"footnotes":""},"categories":[128,169,3],"tags":[1334,23,143,1333,1335,33,1332],"class_list":["post-12453","post","type-post","status-publish","format-standard","has-post-thumbnail","hentry","category-pionowe","category-rok-2009","category-tramwaj","tag-2009-09-11","tag-niemcy","tag-ponad-30m","tag-splot","tag-svz-zwickau","tag-tatra-kt4","tag-zwickau"],"_links":{"self":[{"href":"https:\/\/wgphoto.pl\/t\/index.php?rest_route=\/wp\/v2\/posts\/12453","targetHints":{"allow":["GET"]}}],"collection":[{"href":"https:\/\/wgphoto.pl\/t\/index.php?rest_route=\/wp\/v2\/posts"}],"about":[{"href":"https:\/\/wgphoto.pl\/t\/index.php?rest_route=\/wp\/v2\/types\/post"}],"author":[{"embeddable":true,"href":"https:\/\/wgphoto.pl\/t\/index.php?rest_route=\/wp\/v2\/users\/1"}],"replies":[{"embeddable":true,"href":"https:\/\/wgphoto.pl\/t\/index.php?rest_route=%2Fwp%2Fv2%2Fcomments&post=12453"}],"version-history":[{"count":1,"href":"https:\/\/wgphoto.pl\/t\/index.php?rest_route=\/wp\/v2\/posts\/12453\/revisions"}],"predecessor-version":[{"id":12455,"href":"https:\/\/wgphoto.pl\/t\/index.php?rest_route=\/wp\/v2\/posts\/12453\/revisions\/12455"}],"wp:featuredmedia":[{"embeddable":true,"href":"https:\/\/wgphoto.pl\/t\/index.php?rest_route=\/wp\/v2\/media\/12454"}],"wp:attachment":[{"href":"https:\/\/wgphoto.pl\/t\/index.php?rest_route=%2Fwp%2Fv2%2Fmedia&parent=12453"}],"wp:term":[{"taxonomy":"category","embeddable":true,"href":"https:\/\/wgphoto.pl\/t\/index.php?rest_route=%2Fwp%2Fv2%2Fcategories&post=12453"},{"taxonomy":"post_tag","embeddable":true,"href":"https:\/\/wgphoto.pl\/t\/index.php?rest_route=%2Fwp%2Fv2%2Ftags&post=12453"}],"curies":[{"name":"wp","href":"https:\/\/api.w.org\/{rel}","templated":true}]}}