{"id":12456,"date":"2025-02-21T18:40:08","date_gmt":"2025-02-21T17:40:08","guid":{"rendered":"https:\/\/wgphoto.pl\/t\/?p=12456"},"modified":"2025-06-08T13:14:07","modified_gmt":"2025-06-08T11:14:07","slug":"st43-303-nysa","status":"publish","type":"post","link":"https:\/\/wgphoto.pl\/t\/?p=12456","title":{"rendered":"ST43-303, Nysa"},"content":{"rendered":"\n<figure class=\"wp-block-image aligncenter size-full\"><img loading=\"lazy\" decoding=\"async\" width=\"1300\" height=\"848\" src=\"https:\/\/wgphoto.pl\/t\/wp-content\/uploads\/2025\/02\/2002u-20.jpg\" alt=\"\" class=\"wp-image-12457\" srcset=\"https:\/\/wgphoto.pl\/t\/wp-content\/uploads\/2025\/02\/2002u-20.jpg 1300w, https:\/\/wgphoto.pl\/t\/wp-content\/uploads\/2025\/02\/2002u-20-300x196.jpg 300w, https:\/\/wgphoto.pl\/t\/wp-content\/uploads\/2025\/02\/2002u-20-768x501.jpg 768w\" sizes=\"auto, (max-width: 1300px) 100vw, 1300px\" \/><\/figure>\n\n\n\n<div class=\"wp-block-group has-global-padding is-layout-constrained wp-block-group-is-layout-constrained\">\n<p>Popych zwartego sk\u0142adu z kruszywem (na uci\u0105gu jecha\u0142a ST43-312) mija nys\u0119 na peronie w Nysie. 31.08.2002<\/p>\n<\/div>\n","protected":false},"excerpt":{"rendered":"<p>Popych zwartego sk\u0142adu z kruszywem (na uci\u0105gu jecha\u0142a ST43-312) mija nys\u0119 na peronie w Nysie. 31.08.2002<\/p>\n","protected":false},"author":1,"featured_media":12457,"comment_status":"open","ping_status":"","sticky":false,"template":"","format":"standard","meta":{"footnotes":""},"categories":[62,2,577],"tags":[1235,418,173,1236,63,27,64,319],"class_list":["post-12456","post","type-post","status-publish","format-standard","has-post-thumbnail","hentry","category-analog","category-kolej","category-rok-2002","tag-2002-08-31","tag-auto","tag-koncowki","tag-nysa","tag-pkp","tag-polska","tag-st43","tag-tab-pl235"],"_links":{"self":[{"href":"https:\/\/wgphoto.pl\/t\/index.php?rest_route=\/wp\/v2\/posts\/12456","targetHints":{"allow":["GET"]}}],"collection":[{"href":"https:\/\/wgphoto.pl\/t\/index.php?rest_route=\/wp\/v2\/posts"}],"about":[{"href":"https:\/\/wgphoto.pl\/t\/index.php?rest_route=\/wp\/v2\/types\/post"}],"author":[{"embeddable":true,"href":"https:\/\/wgphoto.pl\/t\/index.php?rest_route=\/wp\/v2\/users\/1"}],"replies":[{"embeddable":true,"href":"https:\/\/wgphoto.pl\/t\/index.php?rest_route=%2Fwp%2Fv2%2Fcomments&post=12456"}],"version-history":[{"count":1,"href":"https:\/\/wgphoto.pl\/t\/index.php?rest_route=\/wp\/v2\/posts\/12456\/revisions"}],"predecessor-version":[{"id":12458,"href":"https:\/\/wgphoto.pl\/t\/index.php?rest_route=\/wp\/v2\/posts\/12456\/revisions\/12458"}],"wp:featuredmedia":[{"embeddable":true,"href":"https:\/\/wgphoto.pl\/t\/index.php?rest_route=\/wp\/v2\/media\/12457"}],"wp:attachment":[{"href":"https:\/\/wgphoto.pl\/t\/index.php?rest_route=%2Fwp%2Fv2%2Fmedia&parent=12456"}],"wp:term":[{"taxonomy":"category","embeddable":true,"href":"https:\/\/wgphoto.pl\/t\/index.php?rest_route=%2Fwp%2Fv2%2Fcategories&post=12456"},{"taxonomy":"post_tag","embeddable":true,"href":"https:\/\/wgphoto.pl\/t\/index.php?rest_route=%2Fwp%2Fv2%2Ftags&post=12456"}],"curies":[{"name":"wp","href":"https:\/\/api.w.org\/{rel}","templated":true}]}}