{"id":12459,"date":"2025-02-21T18:41:16","date_gmt":"2025-02-21T17:41:16","guid":{"rendered":"https:\/\/wgphoto.pl\/t\/?p=12459"},"modified":"2025-02-21T18:41:16","modified_gmt":"2025-02-21T17:41:16","slug":"czajnik-w-czernicy","status":"publish","type":"post","link":"https:\/\/wgphoto.pl\/t\/?p=12459","title":{"rendered":"Czajnik w Czernicy"},"content":{"rendered":"\n<figure class=\"wp-block-image aligncenter size-full\"><img loading=\"lazy\" decoding=\"async\" width=\"1024\" height=\"685\" src=\"https:\/\/wgphoto.pl\/t\/wp-content\/uploads\/2025\/02\/0807-32.jpg\" alt=\"\" class=\"wp-image-12460\" srcset=\"https:\/\/wgphoto.pl\/t\/wp-content\/uploads\/2025\/02\/0807-32.jpg 1024w, https:\/\/wgphoto.pl\/t\/wp-content\/uploads\/2025\/02\/0807-32-300x201.jpg 300w, https:\/\/wgphoto.pl\/t\/wp-content\/uploads\/2025\/02\/0807-32-768x514.jpg 768w\" sizes=\"auto, (max-width: 1024px) 100vw, 1024px\" \/><\/figure>\n\n\n\n<div class=\"wp-block-group has-global-padding is-layout-constrained wp-block-group-is-layout-constrained\">\n<p>TKt48-18 z rozk\u0142adowym poci\u0105giem osobowym z Jelcza-Laskowic do Wroc\u0142awia wje\u017cd\u017ca do Czernicy Wroc\u0142awskiej. 31.05.2008<\/p>\n<\/div>\n","protected":false},"excerpt":{"rendered":"<p>TKt48-18 z rozk\u0142adowym poci\u0105giem osobowym z Jelcza-Laskowic do Wroc\u0142awia wje\u017cd\u017ca do Czernicy Wroc\u0142awskiej. 31.05.2008<\/p>\n","protected":false},"author":1,"featured_media":12460,"comment_status":"open","ping_status":"","sticky":false,"template":"","format":"standard","meta":{"footnotes":""},"categories":[62,2,120],"tags":[3213,288,3214,358,63,27,139,2179,3014],"class_list":["post-12459","post","type-post","status-publish","format-standard","has-post-thumbnail","hentry","category-analog","category-kolej","category-rok-2008","tag-2008-05-31","tag-bipa","tag-czernica-wroclawska","tag-parowoz","tag-pkp","tag-polska","tag-retro","tag-tab-pl215","tag-tkt48"],"_links":{"self":[{"href":"https:\/\/wgphoto.pl\/t\/index.php?rest_route=\/wp\/v2\/posts\/12459","targetHints":{"allow":["GET"]}}],"collection":[{"href":"https:\/\/wgphoto.pl\/t\/index.php?rest_route=\/wp\/v2\/posts"}],"about":[{"href":"https:\/\/wgphoto.pl\/t\/index.php?rest_route=\/wp\/v2\/types\/post"}],"author":[{"embeddable":true,"href":"https:\/\/wgphoto.pl\/t\/index.php?rest_route=\/wp\/v2\/users\/1"}],"replies":[{"embeddable":true,"href":"https:\/\/wgphoto.pl\/t\/index.php?rest_route=%2Fwp%2Fv2%2Fcomments&post=12459"}],"version-history":[{"count":1,"href":"https:\/\/wgphoto.pl\/t\/index.php?rest_route=\/wp\/v2\/posts\/12459\/revisions"}],"predecessor-version":[{"id":12461,"href":"https:\/\/wgphoto.pl\/t\/index.php?rest_route=\/wp\/v2\/posts\/12459\/revisions\/12461"}],"wp:featuredmedia":[{"embeddable":true,"href":"https:\/\/wgphoto.pl\/t\/index.php?rest_route=\/wp\/v2\/media\/12460"}],"wp:attachment":[{"href":"https:\/\/wgphoto.pl\/t\/index.php?rest_route=%2Fwp%2Fv2%2Fmedia&parent=12459"}],"wp:term":[{"taxonomy":"category","embeddable":true,"href":"https:\/\/wgphoto.pl\/t\/index.php?rest_route=%2Fwp%2Fv2%2Fcategories&post=12459"},{"taxonomy":"post_tag","embeddable":true,"href":"https:\/\/wgphoto.pl\/t\/index.php?rest_route=%2Fwp%2Fv2%2Ftags&post=12459"}],"curies":[{"name":"wp","href":"https:\/\/api.w.org\/{rel}","templated":true}]}}