{"id":12462,"date":"2025-02-21T18:42:07","date_gmt":"2025-02-21T17:42:07","guid":{"rendered":"https:\/\/wgphoto.pl\/t\/?p=12462"},"modified":"2025-02-21T18:42:07","modified_gmt":"2025-02-21T17:42:07","slug":"py","status":"publish","type":"post","link":"https:\/\/wgphoto.pl\/t\/?p=12462","title":{"rendered":"Py"},"content":{"rendered":"\n<figure class=\"wp-block-image aligncenter size-full\"><img loading=\"lazy\" decoding=\"async\" width=\"1024\" height=\"685\" src=\"https:\/\/wgphoto.pl\/t\/wp-content\/uploads\/2025\/02\/0806-23a.jpg\" alt=\"\" class=\"wp-image-12463\" srcset=\"https:\/\/wgphoto.pl\/t\/wp-content\/uploads\/2025\/02\/0806-23a.jpg 1024w, https:\/\/wgphoto.pl\/t\/wp-content\/uploads\/2025\/02\/0806-23a-300x201.jpg 300w, https:\/\/wgphoto.pl\/t\/wp-content\/uploads\/2025\/02\/0806-23a-768x514.jpg 768w\" sizes=\"auto, (max-width: 1024px) 100vw, 1024px\" \/><\/figure>\n\n\n\n<div class=\"wp-block-group has-global-padding is-layout-constrained wp-block-group-is-layout-constrained\">\n<p>EU07-173 z poci\u0105giem 63102 &#8222;Pog\u00f3rze&#8221; relacji Wroc\u0142aw G\u0142. &#8211; Krak\u00f3w G\u0142. przeje\u017cd\u017ca obok ciekawego architektonicznie budynku stacyjnego w Przyworach Opolskich, w kt\u00f3rym mie\u015bci si\u0119 nastawnia dysponuj\u0105ca. 2008-05-01<\/p>\n<\/div>\n","protected":false},"excerpt":{"rendered":"<p>EU07-173 z poci\u0105giem 63102 &#8222;Pog\u00f3rze&#8221; relacji Wroc\u0142aw G\u0142. &#8211; Krak\u00f3w G\u0142. przeje\u017cd\u017ca obok ciekawego architektonicznie budynku stacyjnego w Przyworach Opolskich, w kt\u00f3rym mie\u015bci si\u0119 nastawnia dysponuj\u0105ca. 2008-05-01<\/p>\n","protected":false},"author":1,"featured_media":12463,"comment_status":"open","ping_status":"","sticky":false,"template":"","format":"standard","meta":{"footnotes":""},"categories":[62,2,120],"tags":[3215,122,63,27,3216,711],"class_list":["post-12462","post","type-post","status-publish","format-standard","has-post-thumbnail","hentry","category-analog","category-kolej","category-rok-2008","tag-2008-05-01","tag-eu07","tag-pkp","tag-polska","tag-przywory-opolskie","tag-tab-pl220"],"_links":{"self":[{"href":"https:\/\/wgphoto.pl\/t\/index.php?rest_route=\/wp\/v2\/posts\/12462","targetHints":{"allow":["GET"]}}],"collection":[{"href":"https:\/\/wgphoto.pl\/t\/index.php?rest_route=\/wp\/v2\/posts"}],"about":[{"href":"https:\/\/wgphoto.pl\/t\/index.php?rest_route=\/wp\/v2\/types\/post"}],"author":[{"embeddable":true,"href":"https:\/\/wgphoto.pl\/t\/index.php?rest_route=\/wp\/v2\/users\/1"}],"replies":[{"embeddable":true,"href":"https:\/\/wgphoto.pl\/t\/index.php?rest_route=%2Fwp%2Fv2%2Fcomments&post=12462"}],"version-history":[{"count":1,"href":"https:\/\/wgphoto.pl\/t\/index.php?rest_route=\/wp\/v2\/posts\/12462\/revisions"}],"predecessor-version":[{"id":12464,"href":"https:\/\/wgphoto.pl\/t\/index.php?rest_route=\/wp\/v2\/posts\/12462\/revisions\/12464"}],"wp:featuredmedia":[{"embeddable":true,"href":"https:\/\/wgphoto.pl\/t\/index.php?rest_route=\/wp\/v2\/media\/12463"}],"wp:attachment":[{"href":"https:\/\/wgphoto.pl\/t\/index.php?rest_route=%2Fwp%2Fv2%2Fmedia&parent=12462"}],"wp:term":[{"taxonomy":"category","embeddable":true,"href":"https:\/\/wgphoto.pl\/t\/index.php?rest_route=%2Fwp%2Fv2%2Fcategories&post=12462"},{"taxonomy":"post_tag","embeddable":true,"href":"https:\/\/wgphoto.pl\/t\/index.php?rest_route=%2Fwp%2Fv2%2Ftags&post=12462"}],"curies":[{"name":"wp","href":"https:\/\/api.w.org\/{rel}","templated":true}]}}