{"id":12474,"date":"2025-02-21T18:46:27","date_gmt":"2025-02-21T17:46:27","guid":{"rendered":"https:\/\/wgphoto.pl\/t\/?p=12474"},"modified":"2025-02-21T18:46:27","modified_gmt":"2025-02-21T17:46:27","slug":"ozdoby-swiateczne","status":"publish","type":"post","link":"https:\/\/wgphoto.pl\/t\/?p=12474","title":{"rendered":"Ozdoby \u015bwi\u0105teczne"},"content":{"rendered":"\n<figure class=\"wp-block-image aligncenter size-full\"><img loading=\"lazy\" decoding=\"async\" width=\"1024\" height=\"685\" src=\"https:\/\/wgphoto.pl\/t\/wp-content\/uploads\/2025\/02\/0801-22.jpg\" alt=\"\" class=\"wp-image-12475\" srcset=\"https:\/\/wgphoto.pl\/t\/wp-content\/uploads\/2025\/02\/0801-22.jpg 1024w, https:\/\/wgphoto.pl\/t\/wp-content\/uploads\/2025\/02\/0801-22-300x201.jpg 300w, https:\/\/wgphoto.pl\/t\/wp-content\/uploads\/2025\/02\/0801-22-768x514.jpg 768w\" sizes=\"auto, (max-width: 1024px) 100vw, 1024px\" \/><\/figure>\n\n\n\n<div class=\"wp-block-group has-global-padding is-layout-constrained wp-block-group-is-layout-constrained\">\n<p>102Na 2033 obs\u0142uguje przystanek Arkady na ulicy \u015awidnickiej. W tym roku (opis z 2013) w wyniku oszcz\u0119dno\u015bci \u015bwi\u0105teczne ozdoby zdj\u0119to z wielu ulic miasta (m.in. z po\u0142udniowego odcinka \u015awidnickiej) ju\u017c zaraz po Bo\u017cym Narodzeniu. 23.01.2008<\/p>\n<\/div>\n","protected":false},"excerpt":{"rendered":"<p>102Na 2033 obs\u0142uguje przystanek Arkady na ulicy \u015awidnickiej. W tym roku (opis z 2013) w wyniku oszcz\u0119dno\u015bci \u015bwi\u0105teczne ozdoby zdj\u0119to z wielu ulic miasta (m.in. z po\u0142udniowego odcinka \u015awidnickiej) ju\u017c zaraz po Bo\u017cym Narodzeniu. 23.01.2008<\/p>\n","protected":false},"author":1,"featured_media":12475,"comment_status":"open","ping_status":"","sticky":false,"template":"","format":"standard","meta":{"footnotes":""},"categories":[62,120,3],"tags":[3218,309,42,154,27,1491,41],"class_list":["post-12474","post","type-post","status-publish","format-standard","has-post-thumbnail","hentry","category-analog","category-rok-2008","category-tramwaj","tag-2008-01-23","tag-konstal-102na","tag-mpk-wroclaw","tag-noc","tag-polska","tag-swiateczne-akcenty","tag-wroclaw"],"_links":{"self":[{"href":"https:\/\/wgphoto.pl\/t\/index.php?rest_route=\/wp\/v2\/posts\/12474","targetHints":{"allow":["GET"]}}],"collection":[{"href":"https:\/\/wgphoto.pl\/t\/index.php?rest_route=\/wp\/v2\/posts"}],"about":[{"href":"https:\/\/wgphoto.pl\/t\/index.php?rest_route=\/wp\/v2\/types\/post"}],"author":[{"embeddable":true,"href":"https:\/\/wgphoto.pl\/t\/index.php?rest_route=\/wp\/v2\/users\/1"}],"replies":[{"embeddable":true,"href":"https:\/\/wgphoto.pl\/t\/index.php?rest_route=%2Fwp%2Fv2%2Fcomments&post=12474"}],"version-history":[{"count":1,"href":"https:\/\/wgphoto.pl\/t\/index.php?rest_route=\/wp\/v2\/posts\/12474\/revisions"}],"predecessor-version":[{"id":12476,"href":"https:\/\/wgphoto.pl\/t\/index.php?rest_route=\/wp\/v2\/posts\/12474\/revisions\/12476"}],"wp:featuredmedia":[{"embeddable":true,"href":"https:\/\/wgphoto.pl\/t\/index.php?rest_route=\/wp\/v2\/media\/12475"}],"wp:attachment":[{"href":"https:\/\/wgphoto.pl\/t\/index.php?rest_route=%2Fwp%2Fv2%2Fmedia&parent=12474"}],"wp:term":[{"taxonomy":"category","embeddable":true,"href":"https:\/\/wgphoto.pl\/t\/index.php?rest_route=%2Fwp%2Fv2%2Fcategories&post=12474"},{"taxonomy":"post_tag","embeddable":true,"href":"https:\/\/wgphoto.pl\/t\/index.php?rest_route=%2Fwp%2Fv2%2Ftags&post=12474"}],"curies":[{"name":"wp","href":"https:\/\/api.w.org\/{rel}","templated":true}]}}