{"id":12480,"date":"2025-02-21T18:48:28","date_gmt":"2025-02-21T17:48:28","guid":{"rendered":"https:\/\/wgphoto.pl\/t\/?p=12480"},"modified":"2025-02-21T18:48:28","modified_gmt":"2025-02-21T17:48:28","slug":"krajobraz-po-trabie","status":"publish","type":"post","link":"https:\/\/wgphoto.pl\/t\/?p=12480","title":{"rendered":"Krajobraz po tr\u0105bie"},"content":{"rendered":"\n<figure class=\"wp-block-image aligncenter size-full\"><img loading=\"lazy\" decoding=\"async\" width=\"1000\" height=\"662\" src=\"https:\/\/wgphoto.pl\/t\/wp-content\/uploads\/2025\/02\/0812-100.jpg\" alt=\"\" class=\"wp-image-12481\" srcset=\"https:\/\/wgphoto.pl\/t\/wp-content\/uploads\/2025\/02\/0812-100.jpg 1000w, https:\/\/wgphoto.pl\/t\/wp-content\/uploads\/2025\/02\/0812-100-300x199.jpg 300w, https:\/\/wgphoto.pl\/t\/wp-content\/uploads\/2025\/02\/0812-100-768x508.jpg 768w\" sizes=\"auto, (max-width: 1000px) 100vw, 1000px\" \/><\/figure>\n\n\n\n<div class=\"wp-block-group has-global-padding is-layout-constrained wp-block-group-is-layout-constrained\">\n<p>ET22-274 mija B\u0142otnic\u0119 Strzeleck\u0105. Wyra\u017anie wida\u0107 pas, kt\u00f3rym przesz\u0142a tr\u0105ba powietrzna, niszcz\u0105c kolejno od lewej: latarni\u0119, bramki sieci trakcyjnej, mo\u017ce tak\u017ce semafory (te ze zdj\u0119cia wygl\u0105daj\u0105 na \u015bwie\u017ce), budynek oraz drzewa. 28.08.2008<\/p>\n<\/div>\n","protected":false},"excerpt":{"rendered":"<p>ET22-274 mija B\u0142otnic\u0119 Strzeleck\u0105. Wyra\u017anie wida\u0107 pas, kt\u00f3rym przesz\u0142a tr\u0105ba powietrzna, niszcz\u0105c kolejno od lewej: latarni\u0119, bramki sieci trakcyjnej, mo\u017ce tak\u017ce semafory (te ze zdj\u0119cia wygl\u0105daj\u0105 na \u015bwie\u017ce), budynek oraz drzewa. 28.08.2008<\/p>\n","protected":false},"author":1,"featured_media":12481,"comment_status":"open","ping_status":"","sticky":false,"template":"","format":"standard","meta":{"footnotes":""},"categories":[62,2,120],"tags":[1736,3219,26,63,27,711],"class_list":["post-12480","post","type-post","status-publish","format-standard","has-post-thumbnail","hentry","category-analog","category-kolej","category-rok-2008","tag-2008-08-28","tag-blotnica-strzelecka","tag-et22","tag-pkp","tag-polska","tag-tab-pl220"],"_links":{"self":[{"href":"https:\/\/wgphoto.pl\/t\/index.php?rest_route=\/wp\/v2\/posts\/12480","targetHints":{"allow":["GET"]}}],"collection":[{"href":"https:\/\/wgphoto.pl\/t\/index.php?rest_route=\/wp\/v2\/posts"}],"about":[{"href":"https:\/\/wgphoto.pl\/t\/index.php?rest_route=\/wp\/v2\/types\/post"}],"author":[{"embeddable":true,"href":"https:\/\/wgphoto.pl\/t\/index.php?rest_route=\/wp\/v2\/users\/1"}],"replies":[{"embeddable":true,"href":"https:\/\/wgphoto.pl\/t\/index.php?rest_route=%2Fwp%2Fv2%2Fcomments&post=12480"}],"version-history":[{"count":1,"href":"https:\/\/wgphoto.pl\/t\/index.php?rest_route=\/wp\/v2\/posts\/12480\/revisions"}],"predecessor-version":[{"id":12482,"href":"https:\/\/wgphoto.pl\/t\/index.php?rest_route=\/wp\/v2\/posts\/12480\/revisions\/12482"}],"wp:featuredmedia":[{"embeddable":true,"href":"https:\/\/wgphoto.pl\/t\/index.php?rest_route=\/wp\/v2\/media\/12481"}],"wp:attachment":[{"href":"https:\/\/wgphoto.pl\/t\/index.php?rest_route=%2Fwp%2Fv2%2Fmedia&parent=12480"}],"wp:term":[{"taxonomy":"category","embeddable":true,"href":"https:\/\/wgphoto.pl\/t\/index.php?rest_route=%2Fwp%2Fv2%2Fcategories&post=12480"},{"taxonomy":"post_tag","embeddable":true,"href":"https:\/\/wgphoto.pl\/t\/index.php?rest_route=%2Fwp%2Fv2%2Ftags&post=12480"}],"curies":[{"name":"wp","href":"https:\/\/api.w.org\/{rel}","templated":true}]}}