{"id":12483,"date":"2025-02-21T18:49:22","date_gmt":"2025-02-21T17:49:22","guid":{"rendered":"https:\/\/wgphoto.pl\/t\/?p=12483"},"modified":"2025-02-21T18:49:22","modified_gmt":"2025-02-21T17:49:22","slug":"czajnik-w-porcie","status":"publish","type":"post","link":"https:\/\/wgphoto.pl\/t\/?p=12483","title":{"rendered":"Czajnik w porcie"},"content":{"rendered":"\n<figure class=\"wp-block-image aligncenter size-full\"><img loading=\"lazy\" decoding=\"async\" width=\"1024\" height=\"672\" src=\"https:\/\/wgphoto.pl\/t\/wp-content\/uploads\/2025\/02\/0702-366.jpg\" alt=\"\" class=\"wp-image-12484\" srcset=\"https:\/\/wgphoto.pl\/t\/wp-content\/uploads\/2025\/02\/0702-366.jpg 1024w, https:\/\/wgphoto.pl\/t\/wp-content\/uploads\/2025\/02\/0702-366-300x197.jpg 300w, https:\/\/wgphoto.pl\/t\/wp-content\/uploads\/2025\/02\/0702-366-768x504.jpg 768w\" sizes=\"auto, (max-width: 1024px) 100vw, 1024px\" \/><\/figure>\n\n\n\n<div class=\"wp-block-group has-global-padding is-layout-constrained wp-block-group-is-layout-constrained\">\n<p>TKt48-18 z poci\u0105giem specjalnym we wroc\u0142awskim porcie miejskim. Nie wiem co prawda, co takiego robi poci\u0105g pasa\u017cerski na nabrze\u017cu, ale wygl\u0105da nie\u017ale. 11.02.2007<\/p>\n<\/div>\n","protected":false},"excerpt":{"rendered":"<p>TKt48-18 z poci\u0105giem specjalnym we wroc\u0142awskim porcie miejskim. Nie wiem co prawda, co takiego robi poci\u0105g pasa\u017cerski na nabrze\u017cu, ale wygl\u0105da nie\u017ale. 11.02.2007<\/p>\n","protected":false},"author":1,"featured_media":12484,"comment_status":"open","ping_status":"","sticky":false,"template":"","format":"standard","meta":{"footnotes":""},"categories":[62,2,96],"tags":[3225,201,358,63,27,202,3014,41],"class_list":["post-12483","post","type-post","status-publish","format-standard","has-post-thumbnail","hentry","category-analog","category-kolej","category-rok-2007","tag-2007-02-11","tag-ksk","tag-parowoz","tag-pkp","tag-polska","tag-specjalny","tag-tkt48","tag-wroclaw"],"_links":{"self":[{"href":"https:\/\/wgphoto.pl\/t\/index.php?rest_route=\/wp\/v2\/posts\/12483","targetHints":{"allow":["GET"]}}],"collection":[{"href":"https:\/\/wgphoto.pl\/t\/index.php?rest_route=\/wp\/v2\/posts"}],"about":[{"href":"https:\/\/wgphoto.pl\/t\/index.php?rest_route=\/wp\/v2\/types\/post"}],"author":[{"embeddable":true,"href":"https:\/\/wgphoto.pl\/t\/index.php?rest_route=\/wp\/v2\/users\/1"}],"replies":[{"embeddable":true,"href":"https:\/\/wgphoto.pl\/t\/index.php?rest_route=%2Fwp%2Fv2%2Fcomments&post=12483"}],"version-history":[{"count":1,"href":"https:\/\/wgphoto.pl\/t\/index.php?rest_route=\/wp\/v2\/posts\/12483\/revisions"}],"predecessor-version":[{"id":12485,"href":"https:\/\/wgphoto.pl\/t\/index.php?rest_route=\/wp\/v2\/posts\/12483\/revisions\/12485"}],"wp:featuredmedia":[{"embeddable":true,"href":"https:\/\/wgphoto.pl\/t\/index.php?rest_route=\/wp\/v2\/media\/12484"}],"wp:attachment":[{"href":"https:\/\/wgphoto.pl\/t\/index.php?rest_route=%2Fwp%2Fv2%2Fmedia&parent=12483"}],"wp:term":[{"taxonomy":"category","embeddable":true,"href":"https:\/\/wgphoto.pl\/t\/index.php?rest_route=%2Fwp%2Fv2%2Fcategories&post=12483"},{"taxonomy":"post_tag","embeddable":true,"href":"https:\/\/wgphoto.pl\/t\/index.php?rest_route=%2Fwp%2Fv2%2Ftags&post=12483"}],"curies":[{"name":"wp","href":"https:\/\/api.w.org\/{rel}","templated":true}]}}