{"id":12495,"date":"2025-02-22T10:39:32","date_gmt":"2025-02-22T09:39:32","guid":{"rendered":"https:\/\/wgphoto.pl\/t\/?p=12495"},"modified":"2025-02-22T10:39:32","modified_gmt":"2025-02-22T09:39:32","slug":"szydlow","status":"publish","type":"post","link":"https:\/\/wgphoto.pl\/t\/?p=12495","title":{"rendered":"Szyd\u0142\u00f3w"},"content":{"rendered":"\n<figure class=\"wp-block-image aligncenter size-full\"><img loading=\"lazy\" decoding=\"async\" width=\"1024\" height=\"674\" src=\"https:\/\/wgphoto.pl\/t\/wp-content\/uploads\/2025\/02\/0338-23.jpg\" alt=\"\" class=\"wp-image-12496\" srcset=\"https:\/\/wgphoto.pl\/t\/wp-content\/uploads\/2025\/02\/0338-23.jpg 1024w, https:\/\/wgphoto.pl\/t\/wp-content\/uploads\/2025\/02\/0338-23-300x197.jpg 300w, https:\/\/wgphoto.pl\/t\/wp-content\/uploads\/2025\/02\/0338-23-768x506.jpg 768w\" sizes=\"auto, (max-width: 1024px) 100vw, 1024px\" \/><\/figure>\n\n\n\n<div class=\"wp-block-group has-global-padding is-layout-constrained wp-block-group-is-layout-constrained\">\n<p>Deszczowy i bardzo wietrzny poranek na stacji Szyd\u0142\u00f3w. W roli g\u0142\u00f3wnej wyst\u0119puje SU42-505 z poci\u0105giem osobowym 9934 z Nysy do Opola. 06.12.2003<\/p>\n<\/div>\n","protected":false},"excerpt":{"rendered":"<p>Deszczowy i bardzo wietrzny poranek na stacji Szyd\u0142\u00f3w. W roli g\u0142\u00f3wnej wyst\u0119puje SU42-505 z poci\u0105giem osobowym 9934 z Nysy do Opola. 06.12.2003<\/p>\n","protected":false},"author":1,"featured_media":12496,"comment_status":"open","ping_status":"","sticky":false,"template":"","format":"standard","meta":{"footnotes":""},"categories":[62,2,149],"tags":[2628,13,63,27,176,250,314,312],"class_list":["post-12495","post","type-post","status-publish","format-standard","has-post-thumbnail","hentry","category-analog","category-kolej","category-rok-2003","tag-2003-12-06","tag-deszcz","tag-pkp","tag-polska","tag-rano","tag-su42","tag-szydlow","tag-tab-pl202"],"_links":{"self":[{"href":"https:\/\/wgphoto.pl\/t\/index.php?rest_route=\/wp\/v2\/posts\/12495","targetHints":{"allow":["GET"]}}],"collection":[{"href":"https:\/\/wgphoto.pl\/t\/index.php?rest_route=\/wp\/v2\/posts"}],"about":[{"href":"https:\/\/wgphoto.pl\/t\/index.php?rest_route=\/wp\/v2\/types\/post"}],"author":[{"embeddable":true,"href":"https:\/\/wgphoto.pl\/t\/index.php?rest_route=\/wp\/v2\/users\/1"}],"replies":[{"embeddable":true,"href":"https:\/\/wgphoto.pl\/t\/index.php?rest_route=%2Fwp%2Fv2%2Fcomments&post=12495"}],"version-history":[{"count":1,"href":"https:\/\/wgphoto.pl\/t\/index.php?rest_route=\/wp\/v2\/posts\/12495\/revisions"}],"predecessor-version":[{"id":12497,"href":"https:\/\/wgphoto.pl\/t\/index.php?rest_route=\/wp\/v2\/posts\/12495\/revisions\/12497"}],"wp:featuredmedia":[{"embeddable":true,"href":"https:\/\/wgphoto.pl\/t\/index.php?rest_route=\/wp\/v2\/media\/12496"}],"wp:attachment":[{"href":"https:\/\/wgphoto.pl\/t\/index.php?rest_route=%2Fwp%2Fv2%2Fmedia&parent=12495"}],"wp:term":[{"taxonomy":"category","embeddable":true,"href":"https:\/\/wgphoto.pl\/t\/index.php?rest_route=%2Fwp%2Fv2%2Fcategories&post=12495"},{"taxonomy":"post_tag","embeddable":true,"href":"https:\/\/wgphoto.pl\/t\/index.php?rest_route=%2Fwp%2Fv2%2Ftags&post=12495"}],"curies":[{"name":"wp","href":"https:\/\/api.w.org\/{rel}","templated":true}]}}