{"id":12504,"date":"2025-02-22T10:42:03","date_gmt":"2025-02-22T09:42:03","guid":{"rendered":"https:\/\/wgphoto.pl\/t\/?p=12504"},"modified":"2025-02-22T10:42:03","modified_gmt":"2025-02-22T09:42:03","slug":"su45-074-nysa","status":"publish","type":"post","link":"https:\/\/wgphoto.pl\/t\/?p=12504","title":{"rendered":"SU45-074, Nysa"},"content":{"rendered":"\n<figure class=\"wp-block-image aligncenter size-full\"><img loading=\"lazy\" decoding=\"async\" width=\"1024\" height=\"667\" src=\"https:\/\/wgphoto.pl\/t\/wp-content\/uploads\/2025\/02\/0338-27.jpg\" alt=\"\" class=\"wp-image-12505\" srcset=\"https:\/\/wgphoto.pl\/t\/wp-content\/uploads\/2025\/02\/0338-27.jpg 1024w, https:\/\/wgphoto.pl\/t\/wp-content\/uploads\/2025\/02\/0338-27-300x195.jpg 300w, https:\/\/wgphoto.pl\/t\/wp-content\/uploads\/2025\/02\/0338-27-768x500.jpg 768w\" sizes=\"auto, (max-width: 1024px) 100vw, 1024px\" \/><\/figure>\n\n\n\n<div class=\"wp-block-group has-global-padding is-layout-constrained wp-block-group-is-layout-constrained\">\n<p>Ci\u0119\u017cki diesel z dwoma wagonami, czyli ekonomia w wydaniu PKP na odcinku nied\u0142ugo p\u00f3\u017aniej u\u015bmierconym (i martwym co najmniej do 2013 roku, kiedy pisa\u0142em ten opis) w ruchu pasa\u017cerskim. Poci\u0105g osobowy 64122 relacji Kamieniec Z\u0105bkowicki &#8211; Nysa zbli\u017ca si\u0119 do stacji docelowej. 06.12.2003<\/p>\n<\/div>\n","protected":false},"excerpt":{"rendered":"<p>Ci\u0119\u017cki diesel z dwoma wagonami, czyli ekonomia w wydaniu PKP na odcinku nied\u0142ugo p\u00f3\u017aniej u\u015bmierconym (i martwym co najmniej do 2013 roku, kiedy pisa\u0142em ten opis) w ruchu pasa\u017cerskim. Poci\u0105g osobowy 64122 relacji Kamieniec Z\u0105bkowicki &#8211; Nysa zbli\u017ca si\u0119 do stacji docelowej. 06.12.2003<\/p>\n","protected":false},"author":1,"featured_media":12505,"comment_status":"open","ping_status":"","sticky":false,"template":"","format":"standard","meta":{"footnotes":""},"categories":[62,2,149],"tags":[2628,13,1236,63,27,290,319],"class_list":["post-12504","post","type-post","status-publish","format-standard","has-post-thumbnail","hentry","category-analog","category-kolej","category-rok-2003","tag-2003-12-06","tag-deszcz","tag-nysa","tag-pkp","tag-polska","tag-su45","tag-tab-pl235"],"_links":{"self":[{"href":"https:\/\/wgphoto.pl\/t\/index.php?rest_route=\/wp\/v2\/posts\/12504","targetHints":{"allow":["GET"]}}],"collection":[{"href":"https:\/\/wgphoto.pl\/t\/index.php?rest_route=\/wp\/v2\/posts"}],"about":[{"href":"https:\/\/wgphoto.pl\/t\/index.php?rest_route=\/wp\/v2\/types\/post"}],"author":[{"embeddable":true,"href":"https:\/\/wgphoto.pl\/t\/index.php?rest_route=\/wp\/v2\/users\/1"}],"replies":[{"embeddable":true,"href":"https:\/\/wgphoto.pl\/t\/index.php?rest_route=%2Fwp%2Fv2%2Fcomments&post=12504"}],"version-history":[{"count":1,"href":"https:\/\/wgphoto.pl\/t\/index.php?rest_route=\/wp\/v2\/posts\/12504\/revisions"}],"predecessor-version":[{"id":12506,"href":"https:\/\/wgphoto.pl\/t\/index.php?rest_route=\/wp\/v2\/posts\/12504\/revisions\/12506"}],"wp:featuredmedia":[{"embeddable":true,"href":"https:\/\/wgphoto.pl\/t\/index.php?rest_route=\/wp\/v2\/media\/12505"}],"wp:attachment":[{"href":"https:\/\/wgphoto.pl\/t\/index.php?rest_route=%2Fwp%2Fv2%2Fmedia&parent=12504"}],"wp:term":[{"taxonomy":"category","embeddable":true,"href":"https:\/\/wgphoto.pl\/t\/index.php?rest_route=%2Fwp%2Fv2%2Fcategories&post=12504"},{"taxonomy":"post_tag","embeddable":true,"href":"https:\/\/wgphoto.pl\/t\/index.php?rest_route=%2Fwp%2Fv2%2Ftags&post=12504"}],"curies":[{"name":"wp","href":"https:\/\/api.w.org\/{rel}","templated":true}]}}